{"id":8385,"date":"2022-09-01T18:54:40","date_gmt":"2022-09-01T23:54:40","guid":{"rendered":"https:\/\/red360digital.com\/?p=8385"},"modified":"2022-09-01T23:54:50","modified_gmt":"2022-09-01T23:54:50","slug":"cuando-es-el-puente-de-septiembre-2022-en-mexico-es-festivo-oficial","status":"publish","type":"post","link":"https:\/\/red360digital.com\/?p=8385","title":{"rendered":"\u00bfCu\u00e1ndo es el &#8216;puente&#8217; de septiembre 2022 en M\u00e9xico? \u00bfEs festivo oficial?"},"content":{"rendered":"<h4 class=\"h2\" style=\"text-align: center;\">Recuerda que si no te dan el d\u00eda de descanso deben pagarte m\u00e1s<\/h4>\n<div class=\"dfp-contenedor-imagen\">\n<p>Con la llegada de septiembre nos acercamos a la recta final del a\u00f1o. Pero antes de festejar el\u00a0<strong>D\u00eda de Muertos<\/strong>\u00a0y Navidad, los trabajadores mexicanos podr\u00e1n gozar de un puente m\u00e1s en este noveno mes.<\/p>\n<p>La<strong>\u00a0Ley Federal del Trabajo\u00a0<\/strong>marca como d\u00eda festivo oficial el pr\u00f3ximo<strong>\u00a0viernes 16 de septiembre,<\/strong>\u00a0en conmemoraci\u00f3n de la\u00a0<strong>Independencia de M\u00e9xico<\/strong>. Tu patr\u00f3n deber\u00e1 darte el d\u00eda de descanso obligatoriamente y pagarte como si fueras a trabajar.<\/p>\n<p>Si no quiere darte el d\u00eda de descanso, debes saber que las personas que laboran en fechas festivas oficiales tienen derecho a recibir un salario doble por sus actividades.<\/p>\n<p>La Secretar\u00eda de Educaci\u00f3n P\u00fablica (SEP) tambi\u00e9n marca el\u00a0<strong>16 de septiembre\u00a0<\/strong>como \u201csuspensi\u00f3n de labores docentes\u201d. Por lo que no habr\u00e1 clases y es el primer puente del ciclo escolar 2022-2023. No obstante, todav\u00eda es com\u00fan que en algunas comunidades pidan apoyo a las escuelas para realizar desfiles o bailables en conmemoraci\u00f3n de la Independencia.<\/p>\n<p>El descanso del\u00a0<strong>16 de septiembre\u00a0<\/strong>es muy atractivo porque inicia el viernes y los trabajadores a\u00fan tienen el s\u00e1bado y domingo para aprovechar en actividades distintas al trabajo. Es ideal para planear un viaje corto o desconectarte.<\/p>\n<h2>\u00bfEl 15 de septiembre es de descanso?<\/h2>\n<p>El 15 de septiembre no es un d\u00eda de descanso oficial a pesar de que se celebra\u00a0<strong>El Grito de Independencia<\/strong>. Algunas empresas dan medio d\u00eda a sus empleados, pero no es obligatorio.<\/p>\n<p>Adem\u00e1s del 16 de septiembre, los \u00fanicos d\u00edas festivos oficiales que quedan para 2022 son:<\/p>\n<p>&#8211; Tercer lunes de noviembre (21 de noviembre): por el aniversario del inicio de la Revoluci\u00f3n Mexicana (puente).<\/p>\n<p>&#8211; Domingo 25 de diciembre: por Navidad.<\/p>\n<p><strong>M\u00e9xico es el pa\u00eds que menos vacaciones da\u00a0<\/strong>a sus trabajadores entre todos los que son miembros de la Organizaci\u00f3n para la Cooperaci\u00f3n y el Desarrollo Econ\u00f3micos (OCDE).<\/p>\n<p>La organizaci\u00f3n present\u00f3 un informe donde divide los d\u00edas de vacaciones en dos: licencia anual y licencia para cuidar a miembros de la familia enfermos.<\/p>\n<p>El informe apunta que la mayor\u00eda de los pa\u00edses miembros de la OCDE dan, en promedio, un m\u00ednimo de\u00a0<strong>20 d\u00edas de vacaciones<\/strong>\u00a0a sus empleados. Lo que deja muy abajo a M\u00e9xico, cuyo m\u00ednimo es de 6 d\u00edas.<\/p>\n<\/div>\n<figure class=\"contenedor-ImagenArticulo\"><picture><source srcset=\"https:\/\/www.viveusa.mx\/sites\/default\/files\/styles\/detalle_nota_355x219_v22\/public\/field\/image\/portada_istock_marian_vejcik_vacaciones_mexico.jpg?itok=kNx0c97H\" media=\"(max-width:576px)\" \/><source srcset=\"https:\/\/www.viveusa.mx\/sites\/default\/files\/styles\/detalle_nota_748x461_v22\/public\/field\/image\/portada_istock_marian_vejcik_vacaciones_mexico.jpg?itok=Bn-05XLI\" media=\"(max-width:1039px)\" \/><\/picture>\n<div id=\"standard_1\" class=\"st-placement standard_1 inImage\"><\/div>\n<\/figure>\n","protected":false},"excerpt":{"rendered":"<p>Recuerda que si no te dan el d\u00eda de descanso deben pagarte m\u00e1s Con la llegada de septiembre nos acercamos a la recta final del a\u00f1o. Pero antes de festejar el\u00a0D\u00eda de Muertos\u00a0y Navidad, los trabajadores mexicanos podr\u00e1n gozar de un puente m\u00e1s en este noveno mes. La\u00a0Ley Federal del Trabajo\u00a0marca como d\u00eda festivo oficial [&hellip;]<\/p>\n","protected":false},"author":1,"featured_media":8387,"comment_status":"open","ping_status":"closed","sticky":false,"template":"","format":"standard","meta":{"footnotes":""},"categories":[2,7],"tags":[],"class_list":["post-8385","post","type-post","status-publish","format-standard","has-post-thumbnail","hentry","category-cultural","category-nacional"],"_links":{"self":[{"href":"https:\/\/red360digital.com\/index.php?rest_route=\/wp\/v2\/posts\/8385","targetHints":{"allow":["GET"]}}],"collection":[{"href":"https:\/\/red360digital.com\/index.php?rest_route=\/wp\/v2\/posts"}],"about":[{"href":"https:\/\/red360digital.com\/index.php?rest_route=\/wp\/v2\/types\/post"}],"author":[{"embeddable":true,"href":"https:\/\/red360digital.com\/index.php?rest_route=\/wp\/v2\/users\/1"}],"replies":[{"embeddable":true,"href":"https:\/\/red360digital.com\/index.php?rest_route=%2Fwp%2Fv2%2Fcomments&post=8385"}],"version-history":[{"count":0,"href":"https:\/\/red360digital.com\/index.php?rest_route=\/wp\/v2\/posts\/8385\/revisions"}],"wp:featuredmedia":[{"embeddable":true,"href":"https:\/\/red360digital.com\/index.php?rest_route=\/wp\/v2\/media\/8387"}],"wp:attachment":[{"href":"https:\/\/red360digital.com\/index.php?rest_route=%2Fwp%2Fv2%2Fmedia&parent=8385"}],"wp:term":[{"taxonomy":"category","embeddable":true,"href":"https:\/\/red360digital.com\/index.php?rest_route=%2Fwp%2Fv2%2Fcategories&post=8385"},{"taxonomy":"post_tag","embeddable":true,"href":"https:\/\/red360digital.com\/index.php?rest_route=%2Fwp%2Fv2%2Ftags&post=8385"}],"curies":[{"name":"wp","href":"https:\/\/api.w.org\/{rel}","templated":true}]}}