{"id":8427,"date":"2022-09-03T13:53:53","date_gmt":"2022-09-03T18:53:53","guid":{"rendered":"https:\/\/red360digital.com\/?p=8427"},"modified":"2022-09-03T18:54:02","modified_gmt":"2022-09-03T18:54:02","slug":"asi-va-la-recuperacion-economica-en-mexico-luego-de-caer-8-4-por-la-pandemia","status":"publish","type":"post","link":"https:\/\/red360digital.com\/?p=8427","title":{"rendered":"As\u00ed va la recuperaci\u00f3n econ\u00f3mica en M\u00e9xico luego de caer 8.4% por la pandemia"},"content":{"rendered":"<h4 class=\"article-subheadline\" style=\"text-align: center;\">En agosto la inflaci\u00f3n lleg\u00f3 a 8.62%, impulsada principalmente por aumentos en los precios de los alimentos<\/h4>\n<div class=\"byline\">\n<div class=\"byline-text-wrapper\">\n<p class=\"paragraph\">\u201c<b>Se nos cay\u00f3 la econom\u00eda, pero ya logramos recuperar los niveles previos al COVID<\/b>\u201d, dijo el presidente\u00a0<b>Andr\u00e9s Manuel L\u00f3pez Obrador\u00a0<\/b>durante su cuarto informe de gobierno, al recordar que la pandemia deriv\u00f3 en una ca\u00edda de 8.4% del<b>\u00a0Producto Interno Bruto (PIB)<\/b>\u00a0durante el a\u00f1o 2020.<\/p>\n<p class=\"paragraph\">Aunque el presidente presumi\u00f3 que la econom\u00eda mexicana super\u00f3 el shock del coronavirus, los datos apuntan que\u00a0<b>el nivel en 2022 es a\u00fan inferior<\/b>, de acuerdo con datos del<b>\u00a0Banco de M\u00e9xico y el Instituto Nacional de Estad\u00edstica y Geograf\u00eda (Inegi)<\/b>.<\/p>\n<p class=\"paragraph\">De acuerdo con cifras oficiales del Inegi,\u00a0<b>en 2021 la econom\u00eda del pa\u00eds creci\u00f3 5%\u00a0<\/b>con relaci\u00f3n a 2020, con cifras desestacionalizadas.<\/p>\n<p class=\"paragraph\">En agosto de 2022, el propio Inegi inform\u00f3 que en el primer semestre del presente a\u00f1o el crecimiento ha sido de<b>\u00a01.9%,<\/b>\u00a0mientras que el\u00a0<b>Banco de M\u00e9xico (Banxico)\u00a0<\/b>reafirm\u00f3 el mi\u00e9rcoles su estimaci\u00f3n de crecimiento del PIB para 2022 en 2.2%.<\/p>\n<p class=\"paragraph\">De cumplirse el pron\u00f3stico de Banxico<b>, la recuperaci\u00f3n acumulada al final de este a\u00f1o ser\u00eda de 7.2%<\/b>, es decir un 1.2% por abajo del nivel prepandemia.<\/p>\n<p class=\"paragraph\">El mejor panorama para M\u00e9xico deber\u00eda llegar en 2023, pero Banxico recort\u00f3 la previsi\u00f3n para ese a\u00f1o de 2.4% a 1.6%. As\u00ed, el acumulado de 2021 a 2023 ser\u00eda de 8.8%, lo que representar\u00eda un crecimiento de 0.4% respecto a 2019, a\u00f1o previo a la crisis sanitaria.<\/p>\n<p class=\"paragraph\">Sin embargo, el presidente\u00a0<b>Andr\u00e9s Manuel L\u00f3pez Obrador<\/b>\u00a0expuso que estos indicadores macro econ\u00f3micos ya no son tomados como base en su gobierno.<\/p>\n<p class=\"paragraph\">\u201cEn la<b>\u00a0nueva pol\u00edtica econ\u00f3mica, moral y social<\/b>\u00a0que hemos aplicado desde el principio de nuestro gobierno\u00a0<b>se ha desechado la obsesi\u00f3n tecnocr\u00e1tica de medirlo todo en funci\u00f3n de indicadores de crecimiento\u00a0<\/b>que no necesariamente reflejan las realidades sociales. Nosotros consideramos que lo fundamental no es cuantitativo, sino cualitativo: la distribuci\u00f3n equitativa del ingreso y de la riqueza\u201d dijo el Ejecutivo desde Palacio Nacional.<\/p>\n<h2 class=\"header\">Las cifras de la econom\u00eda en M\u00e9xico<\/h2>\n<p class=\"paragraph\">Las perspectivas econ\u00f3micas globales se deterioraron ante los \u201c<b>elevados niveles de inflaci\u00f3n<\/b>\u201d y \u201cdiversas tensiones comerciales y geopol\u00edticas\u201d, detall\u00f3 el\u00a0<b>Banco de M\u00e9xico\u00a0<\/b>en su informe trimestral, el cual present\u00f3 esta semana.<\/p>\n<p class=\"paragraph\">A\u00f1adi\u00f3 que se prev\u00e9 tambi\u00e9n \u201c<b>un menor crecimiento de la econom\u00eda estadounidense<\/b>\u00a0y de su actividad industrial\u201d, lo que implicar\u00eda repercusiones para nuestro pa\u00eds debido a que el vecino del norte es el principal destino de las exportaciones.<\/p>\n<p class=\"paragraph\">Banxico se\u00f1al\u00f3 tambi\u00e9n que la inflaci\u00f3n, que<b>\u00a0en 2022 ya toc\u00f3 m\u00e1ximos en dos d\u00e9cada<\/b>s, ir\u00e1 moder\u00e1ndose hasta el primer trimestre de 2024, cuando se acercar\u00e1 a niveles cercanos al objetivo de 3% +\/- un punto porcentual.<\/p>\n<p class=\"paragraph\">\u201cEstas trayectorias decrecientes reflejan las\u00a0<b>acciones de pol\u00edtica monetaria que el Banco de M\u00e9xico<\/b>\u00a0ha venido instrumentando\u201d, indic\u00f3 la entidad en referencia a los 10 aumentos consecutivos que ha decidido en la tasa de inter\u00e9s de referencia, que se ubica en<b>\u00a08,5%.<\/b><\/p>\n<p class=\"paragraph\">Hasta la primera quincena de agosto,<b>\u00a0la inflaci\u00f3n a 12 meses lleg\u00f3 a 8,62%<\/b>, impulsada principalmente por aumentos en los precios de los alimentos.<\/p>\n<p class=\"paragraph\">En su discurso del 1 de septiembre, el titular del Ejecutivo federal expuso que \u201cel fin \u00faltimo de un Estado es crear las condiciones para que la gente pueda vivir feliz. El crecimiento econ\u00f3mico y los incrementos en la productividad y la competitividad no tienen sentido como objetivos en s\u00ed mismos, sino como medios para lograr un prop\u00f3sito superior: el bienestar general de la poblaci\u00f3n y, a\u00fan m\u00e1s preciso, el bienestar material y el bienestar del alma\u201d.<\/p>\n<\/div>\n<\/div>\n","protected":false},"excerpt":{"rendered":"<p>En agosto la inflaci\u00f3n lleg\u00f3 a 8.62%, impulsada principalmente por aumentos en los precios de los alimentos \u201cSe nos cay\u00f3 la econom\u00eda, pero ya logramos recuperar los niveles previos al COVID\u201d, dijo el presidente\u00a0Andr\u00e9s Manuel L\u00f3pez Obrador\u00a0durante su cuarto informe de gobierno, al recordar que la pandemia deriv\u00f3 en una ca\u00edda de 8.4% del\u00a0Producto Interno [&hellip;]<\/p>\n","protected":false},"author":1,"featured_media":8429,"comment_status":"open","ping_status":"closed","sticky":false,"template":"","format":"standard","meta":{"footnotes":""},"categories":[7,9],"tags":[],"class_list":["post-8427","post","type-post","status-publish","format-standard","has-post-thumbnail","hentry","category-nacional","category-politica"],"_links":{"self":[{"href":"https:\/\/red360digital.com\/index.php?rest_route=\/wp\/v2\/posts\/8427","targetHints":{"allow":["GET"]}}],"collection":[{"href":"https:\/\/red360digital.com\/index.php?rest_route=\/wp\/v2\/posts"}],"about":[{"href":"https:\/\/red360digital.com\/index.php?rest_route=\/wp\/v2\/types\/post"}],"author":[{"embeddable":true,"href":"https:\/\/red360digital.com\/index.php?rest_route=\/wp\/v2\/users\/1"}],"replies":[{"embeddable":true,"href":"https:\/\/red360digital.com\/index.php?rest_route=%2Fwp%2Fv2%2Fcomments&post=8427"}],"version-history":[{"count":0,"href":"https:\/\/red360digital.com\/index.php?rest_route=\/wp\/v2\/posts\/8427\/revisions"}],"wp:featuredmedia":[{"embeddable":true,"href":"https:\/\/red360digital.com\/index.php?rest_route=\/wp\/v2\/media\/8429"}],"wp:attachment":[{"href":"https:\/\/red360digital.com\/index.php?rest_route=%2Fwp%2Fv2%2Fmedia&parent=8427"}],"wp:term":[{"taxonomy":"category","embeddable":true,"href":"https:\/\/red360digital.com\/index.php?rest_route=%2Fwp%2Fv2%2Fcategories&post=8427"},{"taxonomy":"post_tag","embeddable":true,"href":"https:\/\/red360digital.com\/index.php?rest_route=%2Fwp%2Fv2%2Ftags&post=8427"}],"curies":[{"name":"wp","href":"https:\/\/api.w.org\/{rel}","templated":true}]}}