{"id":8520,"date":"2022-09-07T16:33:04","date_gmt":"2022-09-07T21:33:04","guid":{"rendered":"https:\/\/red360digital.com\/?p=8520"},"modified":"2022-09-07T21:33:14","modified_gmt":"2022-09-07T21:33:14","slug":"placebo-pospuso-su-concierto-en-mexico-y-estos-fueron-los-mejores-memes","status":"publish","type":"post","link":"https:\/\/red360digital.com\/?p=8520","title":{"rendered":"Placebo pospuso su concierto en M\u00e9xico y estos fueron los mejores memes"},"content":{"rendered":"<h4 class=\"article-subheadline\" style=\"text-align: center;\">La banda brit\u00e1nica anunci\u00f3 que por problemas de log\u00edstica no podr\u00edan realizar su gira por Am\u00e9rica del Norte<\/h4>\n<div class=\"byline\">\n<div class=\"byline-text-wrapper\">\n<p class=\"paragraph\">A trav\u00e9s de un comunicado, la banda brit\u00e1nica\u00a0<b>Placebo<\/b>\u00a0inform\u00f3 que por causas externas ten\u00edan que\u00a0<b>reagendar su gira por Am\u00e9rica del Norte<\/b>. Al principio la noticia caus\u00f3 algo de confusi\u00f3n ya que solo mencionaron a Canad\u00e1, no obstante, m\u00e1s tarde se confirm\u00f3 que\u00a0<b>tambi\u00e9n inclu\u00eda a M\u00e9xico.<\/b><\/p>\n<p class=\"paragraph\">Tras cinco a\u00f1os sin venir a la capital del pa\u00eds,\u00a0<b>el pr\u00f3ximo 12 de septiembre la espera acabar\u00eda<\/b>\u00a0para todos los fans de este grupo musical; sin embargo, por cuestiones de log\u00edstica<b>\u00a0la agrupaci\u00f3n decidi\u00f3 posponer sus fechas<\/b><b>.<\/b><\/p>\n<p class=\"paragraph\">Debido a que la espera para ver a la agrupaci\u00f3n ser\u00e1 m\u00e1s de lo previsto, los usuarios que quer\u00edan ir a ver a\u00a0<b>Brian Molko<\/b>\u00a0y\u00a0<b>Stefan Olsdal<\/b>\u00a0reaccionaron a la cancelaci\u00f3n con memes que demuestran c\u00f3mo se sienten en estos momentos.<\/p>\n<p class=\"paragraph\">Como era de esperar, la mayor\u00eda de los fans de los int\u00e9rpretes de \u00e9xitos como\u00a0<i>\u201cSpecial Needs\u201d<\/i>\u00a0y\u00a0<i>\u201cEvery you, every me\u201d,<\/i>\u00a0dijeron sentirse<b>\u00a0tristes por la suspensi\u00f3n del concierto en vivo.<\/b><\/p>\n<p class=\"paragraph\">\u201cEstamos devastados por anunciar el aplazamiento de nuestro tour por Am\u00e9rica del Norte, el cual comenzar\u00eda en la ciudad de Vancouver este 4 de septiembre\u201d, fue el texto que dieron a conocer en su cuenta oficial de Instagram el pasado 2 de septiembre.<\/p>\n<p class=\"paragraph\">Como algunos estuvieron confundidos si la cancelaci\u00f3n inclu\u00eda las fechas de M\u00e9xico, tambi\u00e9n se burlaron de que la artista originaria de la Ciudad de Mexico,\u00a0<b>Vondr\u00e9<\/b>, quien les iba a abrir, tuvo que confirmar que la gira se pospuso.<\/p>\n<p class=\"paragraph\">\u201cYa sabemos que<b>\u00a0si es oficial que tambi\u00e9n en CDMX se pospone la fecha con Placebo\u00a0<\/b>en cuanto tengamos fecha nueva les haremos saber\u201d, se\u00f1al\u00f3 Vondr\u00e9 desde sus redes sociales.<\/p>\n<p class=\"paragraph\">Tampoco faltaron los que se burlaron de los fans tristes, se\u00f1alando que seguramente es la primera vez que uno de sus artistas cancela o aplaza su concierto.<\/p>\n<p class=\"paragraph\">Por otro lado, algunos dijeron que solo<b>\u00a0esperan que las nuevas fechas sean en fin de semana,<\/b>\u00a0pues ya no se preocupan tanto como cuando eran adolescentes por algo como esto.<\/p>\n<p class=\"paragraph\">Otros seguidores de la banda brit\u00e1nica simplemente se\u00f1alaron que esperar\u00e1n pacientes hasta que se informe la nueva fecha en que se presentar\u00e1n en sus ciudades.<\/p>\n<p class=\"paragraph\">No pudo faltar el meme de la ni\u00f1ita de brazos cruzados con la frase\u00a0<i>\u201cAh bueno, ching* mi madre<\/i>\u201d que por lo general se usa en circunstancias de ego\u00edsmo, en donde a la otra persona o entidad no le importa lo que pueda ocasionar en alguien m\u00e1s.<\/p>\n<p class=\"paragraph\">A pesar de todo, la tristeza entre los seguidores no era de menos, pues fue en<b>\u00a02017 cuando la banda de rock alternativo tuvo su \u00faltima presentaci\u00f3n en el territorio mexicano.<\/b>\u00a0En esa ocasi\u00f3n recorri\u00f3 la capital del pa\u00eds, as\u00ed como Puebla, M\u00e9rida y en el festival Tecate Pal Norte, llevado a cabo en Monterrey con motivo de sus<b>\u00a020 a\u00f1os de trayectoria.<\/b><\/p>\n<p class=\"paragraph\">De acuerdo con la informaci\u00f3n proporcionada por la propia banda de rock, la gira por Norteam\u00e9rica fue pospuesta por\u00a0<b>problemas con sus documentos de viaje<\/b>\u00a0(Visa) y con\u00a0<b>temas relacionados a la log\u00edstica<\/b>.<\/p>\n<p class=\"paragraph\">\u201cEstamos muy decepcionados y frustrados, lamentamos mucho decepcionar a nuestros fan\u00e1ticos canadienses despu\u00e9s de esperar tan pacientemente a que vini\u00e9ramos a tocar para ustedes\u201d, dijeron los j\u00f3venes brit\u00e1nicos que esperaban dar varios shows este septiembre.<\/p>\n<\/div>\n<\/div>\n","protected":false},"excerpt":{"rendered":"<p>La banda brit\u00e1nica anunci\u00f3 que por problemas de log\u00edstica no podr\u00edan realizar su gira por Am\u00e9rica del Norte A trav\u00e9s de un comunicado, la banda brit\u00e1nica\u00a0Placebo\u00a0inform\u00f3 que por causas externas ten\u00edan que\u00a0reagendar su gira por Am\u00e9rica del Norte. Al principio la noticia caus\u00f3 algo de confusi\u00f3n ya que solo mencionaron a Canad\u00e1, no obstante, m\u00e1s [&hellip;]<\/p>\n","protected":false},"author":1,"featured_media":8522,"comment_status":"open","ping_status":"closed","sticky":false,"template":"","format":"standard","meta":{"footnotes":""},"categories":[4,7],"tags":[],"class_list":["post-8520","post","type-post","status-publish","format-standard","has-post-thumbnail","hentry","category-espectaculos","category-nacional"],"_links":{"self":[{"href":"https:\/\/red360digital.com\/index.php?rest_route=\/wp\/v2\/posts\/8520","targetHints":{"allow":["GET"]}}],"collection":[{"href":"https:\/\/red360digital.com\/index.php?rest_route=\/wp\/v2\/posts"}],"about":[{"href":"https:\/\/red360digital.com\/index.php?rest_route=\/wp\/v2\/types\/post"}],"author":[{"embeddable":true,"href":"https:\/\/red360digital.com\/index.php?rest_route=\/wp\/v2\/users\/1"}],"replies":[{"embeddable":true,"href":"https:\/\/red360digital.com\/index.php?rest_route=%2Fwp%2Fv2%2Fcomments&post=8520"}],"version-history":[{"count":0,"href":"https:\/\/red360digital.com\/index.php?rest_route=\/wp\/v2\/posts\/8520\/revisions"}],"wp:featuredmedia":[{"embeddable":true,"href":"https:\/\/red360digital.com\/index.php?rest_route=\/wp\/v2\/media\/8522"}],"wp:attachment":[{"href":"https:\/\/red360digital.com\/index.php?rest_route=%2Fwp%2Fv2%2Fmedia&parent=8520"}],"wp:term":[{"taxonomy":"category","embeddable":true,"href":"https:\/\/red360digital.com\/index.php?rest_route=%2Fwp%2Fv2%2Fcategories&post=8520"},{"taxonomy":"post_tag","embeddable":true,"href":"https:\/\/red360digital.com\/index.php?rest_route=%2Fwp%2Fv2%2Ftags&post=8520"}],"curies":[{"name":"wp","href":"https:\/\/api.w.org\/{rel}","templated":true}]}}