{"id":8523,"date":"2022-09-07T16:35:12","date_gmt":"2022-09-07T21:35:12","guid":{"rendered":"https:\/\/red360digital.com\/?p=8523"},"modified":"2022-09-07T21:35:24","modified_gmt":"2022-09-07T21:35:24","slug":"el-nuevo-reto-ultracatolico-de-tamara-falco-sera-ponente-en-mexico","status":"publish","type":"post","link":"https:\/\/red360digital.com\/?p=8523","title":{"rendered":"El nuevo reto ultracat\u00f3lico de Tamara Falc\u00f3: ser\u00e1 ponente en M\u00e9xico"},"content":{"rendered":"<p><strong>Tamara Falc\u00f3<\/strong>\u00a0se encuentra en un gran momento de su vida, tanto a nivel personal como profesional. Adem\u00e1s, desde que encontr\u00f3 la fe, no ha dudado en decir p\u00fablicamente que la religi\u00f3n tambi\u00e9n forma parte de su d\u00eda a d\u00eda. Tanto es as\u00ed que, de joven lleg\u00f3 a plantearse la posibilidad\u00a0<strong>de ser religiosa,<\/strong>\u00a0tal y como ella misma ha indicado en varias entrevistas. Se ha declarado abiertamente creyente y ac\u00e9rrima del catolicismo y, a trav\u00e9s de las redes sociales hace part\u00edcipes a sus seguidores de sus inquietudes en todo a lo relacionado a este tema.<\/p>\n<div id=\"sm-it-main-container-1662586407867\" class=\"sm-it-main-container\" data-it=\"11fa370f-d924-4af0-92aa-9e0cbc8066e5\" data-device=\"desktop\" data-index=\"0\">\n<p>De hecho, la\u00a0<strong>marquesa de Gri\u00f1\u00f3n<\/strong>\u00a0viaj\u00f3 este pasado mes de agosto hasta Bosnia para visitar la peregrinaci\u00f3n a la Virgen de Medjugorje. Este mismo a\u00f1o, tambi\u00e9n particip\u00f3 en la llamada \u2018fiesta del rosario por la paz\u2019, que tuvo lugar en el pueblo de Cazalla de la Sierra. Se trata de una oraci\u00f3n del rosario completo y guiado por el padre Josep Mar\u00eda Quintana, que semana tras semana organiza v\u00eda redes sociales este acto, para as\u00ed rezar por la paz mundial.<\/p>\n<aside class=\"envoltorio-intext1\">\n<div id=\"intext1\" data-adunitpath=\"\/95562950\/look.okdiario.com\/articulo_intext1\" data-div=\"intext1\" data-sizes=\"[]\">\n<p>Ahora, se convertir\u00e1 en ponente en una nueva edici\u00f3n del evento ultracat\u00f3lico que tiene como t\u00edtulo, el Congreso Mundial de las Familias. La hija de Isabel Preysler es una de las invitadas estrella y se tendr\u00e1 que desplazar hasta la Ciudad de M\u00e9xico entre el 30 de septiembre y el pr\u00f3ximo 2 de octubre\u00a0<strong>\u201cAfirmar, celebrar y fortalecer a la familia\u00a0<\/strong>como el entorno fundamental y natural clave para el florecimiento de individuos maduros y sociedades sostenibles\u00bb, se puede leer como lema en la p\u00e1gina web de la organizaci\u00f3n del acto religioso.<\/p>\n<h2>Tamara Falc\u00f3 e \u00cd\u00f1igo Onieva, \u00bfplanes de boda?<\/h2>\n<p>Esta noticia sobre este nuevo reto religioso para la hija del fallecido Carlos Falc\u00f3 llega tan solo unos d\u00edas despu\u00e9s de que saltaran todas las alarmas sobre una posible boda con su actual pareja,\u00a0<strong>\u00cd\u00f1igo Onieva<\/strong>. Fue la periodista Pilar Vidal quien dio a conocer en las p\u00e1ginas de ABC que Tamara y el empresario estar\u00eda comprometidos y que, por consiguiente, habr\u00eda boda el pr\u00f3ximo verano 2023.<\/p>\n<p><strong>Tamara Falc\u00f3<\/strong>, que estren\u00f3 el pasado mes de agosto su propio documental en Netflix, Tamara Falc\u00f3: La marquesa, explic\u00f3 en la citada pieza audiovisual que para su cuarenta cumplea\u00f1os Onieva le regal\u00f3 una manta para la moto, sin embargo, seg\u00fan el citado medio, el empresario le habr\u00eda regalado un anillo de pedida en una escena de lo m\u00e1s rom\u00e1ntica en el Palacio de El Rinc\u00f3n. Decisi\u00f3n que ya habr\u00edan comentado a sus respectivas familias.<\/p>\n<p>Por otro lado, ninguna de las partes protagonistas de esta historia se ha pronunciado al respecto, por lo que todav\u00eda sigue siendo un misterio si el pr\u00f3ximo verano se dejar\u00e1 ver vestida de blanco una de las arist\u00f3cratas m\u00e1s conocidas e importantes de este pa\u00eds.<\/p>\n<\/div>\n<\/aside>\n<\/div>\n","protected":false},"excerpt":{"rendered":"<p>Tamara Falc\u00f3\u00a0se encuentra en un gran momento de su vida, tanto a nivel personal como profesional. Adem\u00e1s, desde que encontr\u00f3 la fe, no ha dudado en decir p\u00fablicamente que la religi\u00f3n tambi\u00e9n forma parte de su d\u00eda a d\u00eda. Tanto es as\u00ed que, de joven lleg\u00f3 a plantearse la posibilidad\u00a0de ser religiosa,\u00a0tal y como ella [&hellip;]<\/p>\n","protected":false},"author":1,"featured_media":8525,"comment_status":"open","ping_status":"closed","sticky":false,"template":"","format":"standard","meta":{"footnotes":""},"categories":[4,5],"tags":[],"class_list":["post-8523","post","type-post","status-publish","format-standard","has-post-thumbnail","hentry","category-espectaculos","category-internacional"],"_links":{"self":[{"href":"https:\/\/red360digital.com\/index.php?rest_route=\/wp\/v2\/posts\/8523","targetHints":{"allow":["GET"]}}],"collection":[{"href":"https:\/\/red360digital.com\/index.php?rest_route=\/wp\/v2\/posts"}],"about":[{"href":"https:\/\/red360digital.com\/index.php?rest_route=\/wp\/v2\/types\/post"}],"author":[{"embeddable":true,"href":"https:\/\/red360digital.com\/index.php?rest_route=\/wp\/v2\/users\/1"}],"replies":[{"embeddable":true,"href":"https:\/\/red360digital.com\/index.php?rest_route=%2Fwp%2Fv2%2Fcomments&post=8523"}],"version-history":[{"count":0,"href":"https:\/\/red360digital.com\/index.php?rest_route=\/wp\/v2\/posts\/8523\/revisions"}],"wp:featuredmedia":[{"embeddable":true,"href":"https:\/\/red360digital.com\/index.php?rest_route=\/wp\/v2\/media\/8525"}],"wp:attachment":[{"href":"https:\/\/red360digital.com\/index.php?rest_route=%2Fwp%2Fv2%2Fmedia&parent=8523"}],"wp:term":[{"taxonomy":"category","embeddable":true,"href":"https:\/\/red360digital.com\/index.php?rest_route=%2Fwp%2Fv2%2Fcategories&post=8523"},{"taxonomy":"post_tag","embeddable":true,"href":"https:\/\/red360digital.com\/index.php?rest_route=%2Fwp%2Fv2%2Ftags&post=8523"}],"curies":[{"name":"wp","href":"https:\/\/api.w.org\/{rel}","templated":true}]}}