{"id":8544,"date":"2022-09-08T15:27:00","date_gmt":"2022-09-08T20:27:00","guid":{"rendered":"https:\/\/red360digital.com\/?p=8544"},"modified":"2022-09-08T20:27:10","modified_gmt":"2022-09-08T20:27:10","slug":"isabel-ii-en-mexico-las-entranables-imagenes-de-las-dos-visitas-de-la-reina-al-pais-azteca","status":"publish","type":"post","link":"https:\/\/red360digital.com\/?p=8544","title":{"rendered":"Isabel II en M\u00e9xico: las entra\u00f1ables im\u00e1genes de las dos visitas de la reina al pa\u00eds azteca"},"content":{"rendered":"<h4 class=\"article-subheadline\" style=\"text-align: center;\">El Palacio de Buckingham anunci\u00f3 su preocupaci\u00f3n por el estado de salud en el que se encuentra la monarca de 96 a\u00f1os<\/h4>\n<div class=\"byline\">\n<div class=\"byline-text-wrapper\">\n<p class=\"paragraph\">Despu\u00e9s de que este jueves el Palacio de Buckingham inform\u00f3 que los m\u00e9dicos de\u00a0<b>la reina Isabel II de Inglaterra se encuentran \u201cpreocupados\u201d por la salud de Su Majestad y apuntaron que se encuentra bajo supervisi\u00f3n en Balmoral,\u00a0<\/b>varias partes del mundo se estremecieron con la noticia y, adem\u00e1s de lanzar sus mejores deseos o pronta recuperaci\u00f3n para la monarca, tambi\u00e9n comenzaron a recordar algunos de sus los momentos m\u00e1s emblem\u00e1ticos.<\/p>\n<p class=\"paragraph\">M\u00e9xico no es la excepci\u00f3n a esto, pues con poco m\u00e1s de 70 a\u00f1os en el trono, la reina ha realizado\u00a0<b>dos visitas a tierra azteca<\/b>: una fue en 1975, durante el sexenio de\u00a0<b>Luis Echeverr\u00eda \u00c1lvarez,<\/b>\u00a0y la otra en 1983, cuando<b>\u00a0Miguel de la Madrid Hurtado<\/b>\u00a0era presidente.<\/p>\n<p class=\"paragraph\">En el primero de esos viajes, la reina permaneci\u00f3 durante seis d\u00edas en territorio mexicano, del\u00a0<b>24 de febrero al primero de marzo de 1975<\/b>\u00a0recorri\u00f3 parte de los estados de\u00a0<b>Quintana Roo, Yucat\u00e1n, Guanajuato, Ciudad de M\u00e9xico y Veracruz<\/b>, en donde realiz\u00f3 diversas actividades acompa\u00f1adas por su esposo<b>\u00a0Felipe de Edimburgo<\/b>.<\/p>\n<p class=\"paragraph\">La reina y el duque llegaron en el yate real Britannia a Cozumel, ah\u00ed tomaron un avi\u00f3n directo a la Ciudad de M\u00e9xico, donde los esperaba el entonces presidente Luis Echeverr\u00eda y la primera dama Mar\u00eda Zuna. El encuentro signific\u00f3 no solo\u00a0<b>la primera visita de la reina a M\u00e9xico,\u00a0<\/b>sino la\u00a0<b>primera visita de cualquier soberano de Inglaterra a nuestro pa\u00eds en su historia<\/b>. La reuni\u00f3n se realiz\u00f3 en el z\u00f3calo capitalino y estuvo acompa\u00f1ado por mosaicos humanos en tributo a la mandataria.<\/p>\n<p class=\"paragraph\">Durante su estad\u00eda por la capital mexicana, la pareja real brit\u00e1nica se hosped\u00f3 en el\u00a0<b>hotel Camino Real<\/b>\u00a0y visitaron al presidente en su residencia privada en San Jer\u00f3nimo, al sur de la ciudad. Al d\u00eda siguiente, visitaron la ciudad de\u00a0<b>Guanajuato<\/b>, donde conocieron el monumento al P\u00edpila\u00a0-creado por el escultor Fernando Olagu\u00edbel (tambi\u00e9n art\u00edfice de La Diana Cazadora en la Ciudad de M\u00e9xico)-, algunas de las minas m\u00e1s famosas como La Valenciana, el Teatro Ju\u00e1rez, el edificio de la Universidad de Guanajuato (UG) en el centro, la Alh\u00f3ndiga de Granaditas y el mercado local de Guanajuato.<\/p>\n<p class=\"paragraph\">Despu\u00e9s, la reina Isabel II y el duque Felipe se dirigieron al aeropuerto de Le\u00f3n para su visita a<b>\u00a0Oaxaca<\/b>, donde conocieron salones de telares y el palacio de la artesan\u00edas, as\u00ed como parte de la celebraci\u00f3n nocturna de la Guelaguetza, adem\u00e1s visitaron la zona arqueol\u00f3gica de Monte Alb\u00e1n -descubierta por Alfonso Caso en 1932-; posteriormente estuvieron en Yucat\u00e1n y salieron del puerto de Veracruz el primero de marzo.<\/p>\n<p class=\"paragraph\"><b>\u201cLos mexicanos son alegres\u201d<\/b>, trascendi\u00f3 que declaraba tras ese viaje la reina. \u201cMe di cuenta por la forma festiva en que actuaban\u201d.<\/p>\n<h2 class=\"header\">La segunda visita<\/h2>\n<p class=\"paragraph\">En la segunda ocasi\u00f3n que la reina lleg\u00f3 a M\u00e9xico no visit\u00f3 ninguna de las ciudades previamente conocidas, sino que estuvo en municipios costeros del territorio nacional como\u00a0<b>Acapulco<\/b>,<b>\u00a0L\u00e1zaro C\u00e1rdenas<\/b>,\u00a0<b>Puerto Vallarta<\/b>\u00a0y<b>\u00a0La Paz<\/b>. Curiosamente, casi en la misma fecha que su primera visita, esa ocasi\u00f3n fue del 17 de febrero al 25 de febrero de 1985.<\/p>\n<p class=\"paragraph\">En su recorrido por las playas de\u00a0<b>Puerto Vallarta,<\/b>\u00a0que en ese entonces se estaba consolidando como uno de los sitios m\u00e1s atractivos de la industria tur\u00edstica en M\u00e9xico, la reina y el duque fueron recibidos por el alcalde<b>\u00a0Jorge Leobardo Lepe Garc\u00eda<\/b>, el gobernador jalisciense Flavio Romero Velasco y el entonces presidente de la Rep\u00fablica, quienes le dieron las llaves de la ciudad.<\/p>\n<p class=\"paragraph\">Isabel II de Inglaterra tambi\u00e9n visit\u00f3 en compa\u00f1\u00eda de su esposo la laguna Ojo de liebre, la Catedral de Nuestra Se\u00f1ora de La Paz \u201cAirapi\u201d y principalmente las islas Jacques Cousteau (o Cerralvo) y Esp\u00edritu Santo. Esos dos \u00faltimos lugares captaron de manera especial a atenci\u00f3n de la reina debido a que en la corona oficial heredada desde su bisabuelo\u00a0<b>Eduardo VII<\/b>\u00a0se encuentra una de las perlas de adorno denominada\u00a0<i>The Great Lemon<\/i>\u00a0extra\u00edda del<b>\u00a0Mar de Cort\u00e9s\u00a0<\/b>y llevada al Reino Unido m\u00e1s de un siglo antes a su visita.<\/p>\n<p class=\"paragraph\">Isabel II, de 96 a\u00f1os, se convirti\u00f3 en la reina del<b>\u00a0Reino Unido\u00a0<\/b>y de m\u00e1s de una docena de otros reinos, incluidos\u00a0<b>Canad\u00e1<\/b>,\u00a0<b>Australia\u00a0<\/b>y<b>\u00a0Nueva Zelanda<\/b>, a la muerte de su padre, el\u00a0<b>rey Jorge VI<\/b>, el 6 de febrero de 1952, mientras se encontraba en Kenia en una gira internacional. La noticia se la comunic\u00f3 su marido,\u00a0<b>el pr\u00edncipe Felipe, quien falleci\u00f3 a los 99 a\u00f1os tras m\u00e1s de siete d\u00e9cadas a su lado.<\/b><\/p>\n<\/div>\n<\/div>\n","protected":false},"excerpt":{"rendered":"<p>El Palacio de Buckingham anunci\u00f3 su preocupaci\u00f3n por el estado de salud en el que se encuentra la monarca de 96 a\u00f1os Despu\u00e9s de que este jueves el Palacio de Buckingham inform\u00f3 que los m\u00e9dicos de\u00a0la reina Isabel II de Inglaterra se encuentran \u201cpreocupados\u201d por la salud de Su Majestad y apuntaron que se encuentra [&hellip;]<\/p>\n","protected":false},"author":1,"featured_media":8546,"comment_status":"open","ping_status":"closed","sticky":false,"template":"","format":"standard","meta":{"footnotes":""},"categories":[4,5,7],"tags":[],"class_list":["post-8544","post","type-post","status-publish","format-standard","has-post-thumbnail","hentry","category-espectaculos","category-internacional","category-nacional"],"_links":{"self":[{"href":"https:\/\/red360digital.com\/index.php?rest_route=\/wp\/v2\/posts\/8544","targetHints":{"allow":["GET"]}}],"collection":[{"href":"https:\/\/red360digital.com\/index.php?rest_route=\/wp\/v2\/posts"}],"about":[{"href":"https:\/\/red360digital.com\/index.php?rest_route=\/wp\/v2\/types\/post"}],"author":[{"embeddable":true,"href":"https:\/\/red360digital.com\/index.php?rest_route=\/wp\/v2\/users\/1"}],"replies":[{"embeddable":true,"href":"https:\/\/red360digital.com\/index.php?rest_route=%2Fwp%2Fv2%2Fcomments&post=8544"}],"version-history":[{"count":0,"href":"https:\/\/red360digital.com\/index.php?rest_route=\/wp\/v2\/posts\/8544\/revisions"}],"wp:featuredmedia":[{"embeddable":true,"href":"https:\/\/red360digital.com\/index.php?rest_route=\/wp\/v2\/media\/8546"}],"wp:attachment":[{"href":"https:\/\/red360digital.com\/index.php?rest_route=%2Fwp%2Fv2%2Fmedia&parent=8544"}],"wp:term":[{"taxonomy":"category","embeddable":true,"href":"https:\/\/red360digital.com\/index.php?rest_route=%2Fwp%2Fv2%2Fcategories&post=8544"},{"taxonomy":"post_tag","embeddable":true,"href":"https:\/\/red360digital.com\/index.php?rest_route=%2Fwp%2Fv2%2Ftags&post=8544"}],"curies":[{"name":"wp","href":"https:\/\/api.w.org\/{rel}","templated":true}]}}