{"id":864,"date":"2020-08-06T02:24:14","date_gmt":"2020-08-06T02:24:14","guid":{"rendered":"http:\/\/whatsappcancun.com\/?p=864"},"modified":"2020-08-06T02:24:14","modified_gmt":"2020-08-06T02:24:14","slug":"anuncian-nuevo-canal-para-clases-en-linea-en-quintana-roo","status":"publish","type":"post","link":"https:\/\/red360digital.com\/?p=864","title":{"rendered":"Anuncian nuevo canal para clases en l\u00ednea en Quintana Roo"},"content":{"rendered":"\n<p>El Gobernador de Quintana Roo, Carlos Joaqu\u00edn Gonz\u00e1lez, anunci\u00f3 que a partir de hoy se estrenar\u00e1 un nuevo canal de televisi\u00f3n para la impartici\u00f3n de contenidos educativos que ser\u00e1n transmitidos por el 4.2 filial del Sistema Quintanarooense de Comunicaci\u00f3n Social (SQCS) iniciando el curso escolar 2020-2021 el pr\u00f3ximo 24 de agosto.<\/p>\n\n\n\n<p>A trav\u00e9s de una transmisi\u00f3n en sus redes sociales el mandatario toc\u00f3 el tema de la educaci\u00f3n, en el que explic\u00f3 que lo que se busca es que todos los ni\u00f1as y ni\u00f1os reciban educaci\u00f3n y se evite la deserci\u00f3n escolar, motivo por lo que esta se transmitir\u00e1 por televisi\u00f3n abierta mientras duren las restricciones para salir de casa.<\/p>\n\n\n\n<p>La medida fue implementada como una adici\u00f3n al canal que ya se tiene, por lo que el canal que se tiene volver\u00e1 a su programaci\u00f3n habitual y el 4.2 ser\u00e1 el encargado de transmitir el contenido educativo.<\/p>\n\n\n\n<p>Durante la transmisi\u00f3n se explic\u00f3 que del 3 al 21 de agosto se dar\u00e1 inicio al proceso de reinscripci\u00f3n a las escuelas del estado de Quintana Roo, mismo que podr\u00e1 realizarse en l\u00ednea y sin necesidad de que se tenga que acudir de manera presencial.<\/p>\n\n\n\n<p>Mientras que del 11 al 13 de agosto se verificar\u00e1 que ning\u00fan ni\u00f1o o ni\u00f1a se quede sin cupo para poder recibir educaci\u00f3n, por lo que buscan atender el rezago educativo en la entidad.<\/p>\n\n\n\n<p>Por su parte los alumnos de Educaci\u00f3n Media Superior iniciaron las inscripciones y sus procesos administrativos esta semana, ellos tambi\u00e9n recibir\u00e1n la verificaci\u00f3n y del 1 al 19 de septiembre se iniciar\u00e1n las actividades de compensaci\u00f3n, comenzando el 21 de septiembre el ciclo escolar 2020 -2021.<\/p>\n\n\n\n<p>Por \u00faltimo los alumnos del nivel superior comenzar\u00e1n sus actividades correspondientes al ciclo escolar el pr\u00f3ximo 7 de septiembre.<\/p>\n","protected":false},"excerpt":{"rendered":"<p>El Gobernador de Quintana Roo, Carlos Joaqu\u00edn Gonz\u00e1lez, anunci\u00f3 que a partir de hoy se estrenar\u00e1 un nuevo canal de televisi\u00f3n para la impartici\u00f3n de contenidos educativos que ser\u00e1n transmitidos por el 4.2 filial del Sistema Quintanarooense de Comunicaci\u00f3n Social (SQCS) iniciando el curso escolar 2020-2021 el pr\u00f3ximo 24 de agosto. A trav\u00e9s de una [&hellip;]<\/p>\n","protected":false},"author":1,"featured_media":865,"comment_status":"open","ping_status":"closed","sticky":false,"template":"","format":"standard","meta":{"footnotes":""},"categories":[7],"tags":[],"class_list":["post-864","post","type-post","status-publish","format-standard","has-post-thumbnail","hentry","category-nacional"],"_links":{"self":[{"href":"https:\/\/red360digital.com\/index.php?rest_route=\/wp\/v2\/posts\/864","targetHints":{"allow":["GET"]}}],"collection":[{"href":"https:\/\/red360digital.com\/index.php?rest_route=\/wp\/v2\/posts"}],"about":[{"href":"https:\/\/red360digital.com\/index.php?rest_route=\/wp\/v2\/types\/post"}],"author":[{"embeddable":true,"href":"https:\/\/red360digital.com\/index.php?rest_route=\/wp\/v2\/users\/1"}],"replies":[{"embeddable":true,"href":"https:\/\/red360digital.com\/index.php?rest_route=%2Fwp%2Fv2%2Fcomments&post=864"}],"version-history":[{"count":0,"href":"https:\/\/red360digital.com\/index.php?rest_route=\/wp\/v2\/posts\/864\/revisions"}],"wp:featuredmedia":[{"embeddable":true,"href":"https:\/\/red360digital.com\/index.php?rest_route=\/wp\/v2\/media\/865"}],"wp:attachment":[{"href":"https:\/\/red360digital.com\/index.php?rest_route=%2Fwp%2Fv2%2Fmedia&parent=864"}],"wp:term":[{"taxonomy":"category","embeddable":true,"href":"https:\/\/red360digital.com\/index.php?rest_route=%2Fwp%2Fv2%2Fcategories&post=864"},{"taxonomy":"post_tag","embeddable":true,"href":"https:\/\/red360digital.com\/index.php?rest_route=%2Fwp%2Fv2%2Ftags&post=864"}],"curies":[{"name":"wp","href":"https:\/\/api.w.org\/{rel}","templated":true}]}}