{"id":8751,"date":"2022-09-16T17:11:59","date_gmt":"2022-09-16T22:11:59","guid":{"rendered":"https:\/\/red360digital.com\/?p=8751"},"modified":"2022-09-16T22:12:08","modified_gmt":"2022-09-16T22:12:08","slug":"independencia-de-mexico-el-dia-que-espana-intento-reconquistar-el-pais-pero-fracaso","status":"publish","type":"post","link":"https:\/\/red360digital.com\/?p=8751","title":{"rendered":"Independencia de M\u00e9xico: el d\u00eda que Espa\u00f1a intent\u00f3 reconquistar el pa\u00eds pero fracas\u00f3"},"content":{"rendered":"<h4 class=\"article-subheadline\" style=\"text-align: center;\">En 1929, los espa\u00f1oles enviaron una expedici\u00f3n a M\u00e9xico a cargo de Isidro Barradas, con la intenci\u00f3n de reconquistar el pa\u00eds, sin embargo, fracasaron en su intento<\/h4>\n<div class=\"byline\">\n<div class=\"byline-text-wrapper\">\n<p class=\"paragraph\">Este\u00a0<b>16 de septiembre<\/b>\u00a0se conmemora un a\u00f1o m\u00e1s del inicio de la\u00a0<b>Guerra de Independencia de M\u00e9xico.\u00a0<\/b>Este es un d\u00eda de j\u00fabilo para los mexicanos, pues esa fecha marc\u00f3 un antes y un despu\u00e9s para esta naci\u00f3n.<\/p>\n<p class=\"paragraph\">Luego de 300 a\u00f1os de dominaci\u00f3n espa\u00f1ola, los mexicanos se levantaron en armas contra los europeos que, en 1519 llegaron al territorio que ahora se conoce como\u00a0<b>M\u00e9xico<\/b>, y dos a\u00f1os despu\u00e9s, en 1521, lograron conquistar definitivamente el territorio, con la\u00a0<b>ca\u00edda del imperio mexica.<\/b><\/p>\n<p class=\"paragraph\">La<b>\u00a0Independencia de M\u00e9xico<\/b>\u00a0inici\u00f3 en 1810, y termin\u00f3 en 1821, tras\u00a0<b>11 a\u00f1os de lucha armada<\/b>. Sin embargo, los espa\u00f1oles no reconocieron la independencia del territorio que fue su colonia por m\u00e1s de 300 a\u00f1os hasta casi 15 a\u00f1os despu\u00e9s, en 1836.<\/p>\n<p class=\"paragraph\">Incluso, los espa\u00f1oles intentaron volver a conquistar el pa\u00eds, en 1829, hecho en el que fracasaron y en el que tomar\u00eda relevancia uno de los personajes de la historia del pa\u00eds m\u00e1s controversiales. Se trata de\u00a0<b>Antonio L\u00f3pez de Santa Anna.<\/b><\/p>\n<p class=\"paragraph\">Santa Anna ten\u00eda una habilidad que pocas veces se han visto en una figura de la historia mexicana: la capacidad de\u00a0<b>convertir una aparente derrota militar en un triunfo para su causa.<\/b>\u00a0En 1929, sucedi\u00f3 lo que se conoce como la\u00a0<b>Expedici\u00f3n de Barradas<\/b>, que fue el \u00faltimo intento de los espa\u00f1oles para recuperar el control del territorio mexicano.<\/p>\n<p class=\"paragraph\">Dicha expedici\u00f3n arrib\u00f3 cerca de la ciudad de<b>\u00a0Tampico, en Tamaulipas,\u00a0<\/b>procedente de la\u00a0<b>Habana, Cuba<\/b>, el 26 de julio de 1829, al mando de\u00a0<b>Isidro Barradas,<\/b>\u00a0brigadier de la armada espa\u00f1ola, culminando el\u00a0<b>9 de septiembre con la Batalla de Pueblo Viejo.<\/b><\/p>\n<p class=\"paragraph\">El protagonismo recae, principalmente, en el comandante de la expedici\u00f3n espa\u00f1ola, el\u00a0<b>brigadier Isidro Barradas<\/b>. Por parte de M\u00e9xico, tuvo relevancia la actuaci\u00f3n de quien en ese momento se encontraba en la presidencia del pa\u00eds,<b>\u00a0Vicente Guerrero.<\/b>\u00a0Fue notable tambi\u00e9n la actuaci\u00f3n del general mexicano\u00a0<b>Manuel Mier y Ter\u00e1n.<\/b>\u00a0Sin embargo, el mayor protagonismo lo ejerci\u00f3 el comandante mexicano\u00a0<b>Antonio L\u00f3pez de Santa Anna.<\/b><\/p>\n<p class=\"paragraph\">El proceso independentista mexicano, como ya se mencion\u00f3 anteriormente, concluy\u00f3 en 1821, sin embargo,\u00a0<b>Espa\u00f1a\u00a0<\/b>se neg\u00f3 a reconocer dicha independencia en lo inmediato. De hecho, el pa\u00eds europeo mantuvo hasta 1825 un \u00faltimo basti\u00f3n en la fortaleza de<b>\u00a0San Juan de Ul\u00faa<\/b>, que fue rendido por los mexicanos durante el mandato del primer presidente de\u00a0<b>M\u00e9xico, Guadalupe Victoria<\/b>. Sin embargo, en\u00a0<b>M\u00e9xico\u00a0<\/b>se esperaba alg\u00fan intento adicional de reconquista por parte de los espa\u00f1oles, debido a que la\u00a0<b>Corona\u00a0<\/b>no daba por v\u00e1lidos los\u00a0<b>Tratados de C\u00f3rdoba.<\/b><\/p>\n<p class=\"paragraph\">Una de las medidas tomadas por\u00a0<b>Guadalupe Victoria<\/b>\u00a0hacia el final de su gobierno fue promulgar la expulsi\u00f3n de ciudadanos espa\u00f1oles que se mantuvieran fieles a la Corona espa\u00f1ola. Gran parte de estas personas se radicaron en Cuba, y se encontraban all\u00ed al arribo de Barradas en 1829.<\/p>\n<p class=\"paragraph\">Las \u00f3rdenes de\u00a0<b>Barradas\u00a0<\/b>era armar una expedici\u00f3n de\u00a0<b>reconquista de M\u00e9xico,<\/b>\u00a0y estos planes recibieron un fuerte impulso cuando los espa\u00f1oles<b>\u00a0expulsados de M\u00e9xico\u00a0<\/b>lo convencieron de que la mayor\u00eda del\u00a0<b>pueblo mexicano<\/b>\u00a0deseaba regresar a la condici\u00f3n colonial. Persuadido por esta informaci\u00f3n,\u00a0<b>Barradas\u00a0<\/b>se convenci\u00f3 de realizar la expedici\u00f3n, reclutando mucha de su tripulaci\u00f3n de entre estas personas. Es as\u00ed como parte de\u00a0<b>La Habana el 5 de julio de 1829,<\/b>\u00a0con direcci\u00f3n a M\u00e9xico.<\/p>\n<p class=\"paragraph\">Dicha invasi\u00f3n no inici\u00f3 muy bien, pues fue dispersada por una tormenta antes de poder llegar al punto de reuni\u00f3n en la\u00a0<b>Isla de los Lobos.<\/b>\u00a0Aqu\u00ed una de las embarcaciones de transporte de tropas sufri\u00f3 aver\u00edas y tuvo que dirigirse a Nueva Orleans, para ser reparada. Las dem\u00e1s se dirigieron a\u00a0<b>Cabo Rojo, en Tamaulipas<\/b>, donde arribaron el 26 de julio.<\/p>\n<p class=\"paragraph\">Comenzaron con la exploraci\u00f3n del terreno, pero el clima y las enfermedades diezmaron a los espa\u00f1oles en su avance por el territorio mexicano. Adem\u00e1s, consiguieron poco apoyo local en su avance.<\/p>\n<p class=\"paragraph\">Sin embargo, en M\u00e9xico ya se sab\u00eda sobre la presencia de los espa\u00f1oles, pues desde que estuvieron en Cuba, ya funcionarios mexicanos hab\u00edan informado oportunamente al gobierno. Por esto,\u00a0<b>Vicente Guerrero\u00a0<\/b>otorg\u00f3 al comandante\u00a0<b>Santa Anna, en Veracruz<\/b>, para que coordinara las operaciones de defensa.<\/p>\n<p class=\"paragraph\"><b>Santa Anna<\/b>\u00a0y los otros comandantes sitiaron a los espa\u00f1oles en<b>\u00a0Pueblo Viejo, cerca de Tampico<\/b>, en una batalla muy desigual para los espa\u00f1oles. Derrotado y con buena parte de su tropa enferma, Barradas tuvo que firmar el 11 de septiembre una capitulaci\u00f3n que pon\u00eda fin a los intentos espa\u00f1oles por reconquistar M\u00e9xico.<\/p>\n<\/div>\n<\/div>\n","protected":false},"excerpt":{"rendered":"<p>En 1929, los espa\u00f1oles enviaron una expedici\u00f3n a M\u00e9xico a cargo de Isidro Barradas, con la intenci\u00f3n de reconquistar el pa\u00eds, sin embargo, fracasaron en su intento Este\u00a016 de septiembre\u00a0se conmemora un a\u00f1o m\u00e1s del inicio de la\u00a0Guerra de Independencia de M\u00e9xico.\u00a0Este es un d\u00eda de j\u00fabilo para los mexicanos, pues esa fecha marc\u00f3 un [&hellip;]<\/p>\n","protected":false},"author":1,"featured_media":8753,"comment_status":"open","ping_status":"closed","sticky":false,"template":"","format":"standard","meta":{"footnotes":""},"categories":[2,7],"tags":[],"class_list":["post-8751","post","type-post","status-publish","format-standard","has-post-thumbnail","hentry","category-cultural","category-nacional"],"_links":{"self":[{"href":"https:\/\/red360digital.com\/index.php?rest_route=\/wp\/v2\/posts\/8751","targetHints":{"allow":["GET"]}}],"collection":[{"href":"https:\/\/red360digital.com\/index.php?rest_route=\/wp\/v2\/posts"}],"about":[{"href":"https:\/\/red360digital.com\/index.php?rest_route=\/wp\/v2\/types\/post"}],"author":[{"embeddable":true,"href":"https:\/\/red360digital.com\/index.php?rest_route=\/wp\/v2\/users\/1"}],"replies":[{"embeddable":true,"href":"https:\/\/red360digital.com\/index.php?rest_route=%2Fwp%2Fv2%2Fcomments&post=8751"}],"version-history":[{"count":0,"href":"https:\/\/red360digital.com\/index.php?rest_route=\/wp\/v2\/posts\/8751\/revisions"}],"wp:featuredmedia":[{"embeddable":true,"href":"https:\/\/red360digital.com\/index.php?rest_route=\/wp\/v2\/media\/8753"}],"wp:attachment":[{"href":"https:\/\/red360digital.com\/index.php?rest_route=%2Fwp%2Fv2%2Fmedia&parent=8751"}],"wp:term":[{"taxonomy":"category","embeddable":true,"href":"https:\/\/red360digital.com\/index.php?rest_route=%2Fwp%2Fv2%2Fcategories&post=8751"},{"taxonomy":"post_tag","embeddable":true,"href":"https:\/\/red360digital.com\/index.php?rest_route=%2Fwp%2Fv2%2Ftags&post=8751"}],"curies":[{"name":"wp","href":"https:\/\/api.w.org\/{rel}","templated":true}]}}