{"id":8763,"date":"2022-09-17T16:04:25","date_gmt":"2022-09-17T21:04:25","guid":{"rendered":"https:\/\/red360digital.com\/?p=8763"},"modified":"2022-09-17T21:04:34","modified_gmt":"2022-09-17T21:04:34","slug":"como-el-litio-va-a-beneficiar-la-relacion-comercial-de-mexico-y-eeuu","status":"publish","type":"post","link":"https:\/\/red360digital.com\/?p=8763","title":{"rendered":"C\u00f3mo el litio va a beneficiar la relaci\u00f3n comercial de M\u00e9xico y EEUU"},"content":{"rendered":"<h4 class=\"article-subheadline\" style=\"text-align: center;\">Expertos de la UNAM explicaron por qu\u00e9 la invitaci\u00f3n del pa\u00eds norteamericano tiene caracter\u00edsticas que le convendr\u00edan a M\u00e9xico<\/h4>\n<div class=\"byline\">\n<div class=\"byline-text-wrapper\">\n<p class=\"paragraph\">Es conveniente para M\u00e9xico participar en la\u00a0<b>nueva pol\u00edtica industrial de Estados Unidos<\/b>\u00a0(EEUU), la cual tiene importancia geoestrat\u00e9gica porque lo considera dentro del bloque de Am\u00e9rica del Norte, capaz de competir con grandes inversiones como las de China y Taiw\u00e1n, consideraron\u00a0<b>David Bonilla Vargas\u00a0<\/b>y\u00a0<b>Mar\u00eda Teresa Guti\u00e9rrez Haces<\/b>, economistas de la Universidad Nacional Aut\u00f3noma de M\u00e9xico (<b>UNAM<\/b>)<\/p>\n<p class=\"paragraph\">Dicha pol\u00edtica invita al pa\u00eds a participar en la producci\u00f3n y transici\u00f3n hacia los\u00a0<b>autos el\u00e9ctricos<\/b>, a fin de transitar de la gasolina derivada del petr\u00f3leo a las energ\u00edas renovables, as\u00ed como a colaborar en la\u00a0<b>extracci\u00f3n de litio<\/b>\u00a0y el abastecimiento de semiconductores o chips, cuyo mercado de<b>\u00a060 mil millones de d\u00f3lares\u00a0<\/b>es dominado en la actualidad por China y Taiw\u00e1n, mientras el vecino pa\u00eds del norte planea incrementar su actual<b>\u00a0diez por ciento en los pr\u00f3ximos a\u00f1os<\/b>, a\u00f1adieron.<\/p>\n<p class=\"paragraph\">Al analizar la conferencia de medios que se dio con motivo de la visita a M\u00e9xico del secretario de Estado, Antony Blinken (llevada a cabo en modalidad a distancia, el especialista del Instituto de Investigaciones Econ\u00f3micas (IIEc) de la UNAM, David Bonilla Vargas, manifest\u00f3:<\/p>\n<p class=\"paragraph\">\u201c<b>Nuestro pa\u00eds necesita estrategias de\u00a0<\/b><b>autos el\u00e9ctricos<\/b>. Actualmente hay m\u00e1s de 20 millones de autos a gasolina que ya no caben en las ciudades, y la transici\u00f3n hacia el transporte el\u00e9ctrico (de particulares y servicio p\u00fablico) ser\u00eda una soluci\u00f3n parcial\u201d.<\/p>\n<p class=\"paragraph\">Aclar\u00f3 que EEUU quiere que entre a este sistema de <b>inversi\u00f3n en<\/b><b>\u00a0veh\u00edculos sustentables<\/b>\u00a0para participar en la nueva cadena de suministro. Las pol\u00edticas nacionales, como<b>\u00a0apoyar refiner\u00edas<\/b>, afirm\u00f3,<b>\u00a0no se contraponen\u00a0<\/b>con este proyecto, pues por varios a\u00f1os m\u00e1s se necesitar\u00e1 gasolina antes de lograr el cambio hacia las energ\u00edas de car\u00e1cter el\u00e9ctrico.<\/p>\n<p class=\"paragraph\">El plan de producci\u00f3n de semiconductores o chips, donde se incluye la\u00a0<b>explotaci\u00f3n del litio<\/b>, es otro rubro en el que tambi\u00e9n invitaron a participar a M\u00e9xico. Sin embargo, el experto mostr\u00f3 estar preocupado, pues e sus palabras \u201cno sabemos cu\u00e1nto litio hay en M\u00e9xico, ni es de los pa\u00edses que m\u00e1s lo producen, aunque el estado de\u00a0<b>Sonora\u00a0<\/b>podr\u00eda convertirse en una zona de fabricaci\u00f3n de semiconductores\u201d, se\u00f1al\u00f3 Bonilla Vargas sugiriendo alguna esperanza.<\/p>\n<p class=\"paragraph\">En su oportunidad,\u00a0<b>Mar\u00eda Teresa Guti\u00e9rrez Haces<\/b>, tambi\u00e9n investigadora del IIEc, puntualiz\u00f3 que, en la segunda parte de la propuesta, se invita a sus contrapartes de la regi\u00f3n de Am\u00e9rica del Norte a formar parte de esta pol\u00edtica industrial. \u201cEsto no deja de ser muy interesante porque Estados Unidos hist\u00f3ricamente cada vez que ha dado un viraje fuerte a nivel de su propia\u00a0<b>pol\u00edtica industrial<\/b>, ha tratado de que participen tanto M\u00e9xico como Canad\u00e1\u201d, dijo.<\/p>\n<p class=\"paragraph\">Los investigadores de la M\u00e1xima Casa de Estudios de M\u00e9xico acotaron que nuestro pa\u00eds tiene un camino dif\u00edcil, pues podr\u00edan imponerse<b>\u00a0aranceles\u00a0<\/b>si llega a romperse el marco jur\u00eddico del Tratado de Libre Comercio entre los tres pa\u00edses involucrados (<b>T-MEC<\/b>). Para ellos, resulta esencial que no se salga de la \u00f3rbita geopol\u00edtica de Norteam\u00e9rica.<\/p>\n<p class=\"paragraph\">Recordaron que a\u00fan falta conocer la reacci\u00f3n de\u00a0<b>Canad\u00e1<\/b>, que ha presentado extra\u00f1amientos a M\u00e9xico por las trabas a sus\u00a0<b>empresas de energ\u00eda<\/b>. Estados Unidos defiende a sus compa\u00f1\u00edas e insiste que hay canales para discutir el acuerdo comercial con m\u00e1s detalle, concluyeron los expertos.<\/p>\n<p class=\"paragraph\"><i>Con informaci\u00f3n de la Universidad Nacional Aut\u00f3noma de M\u00e9xico (UNAM Global \/\u00a0<\/i><i>https:\/\/www.dgcs.unam.mx\/<\/i><i>)<\/i><\/p>\n<\/div>\n<\/div>\n","protected":false},"excerpt":{"rendered":"<p>Expertos de la UNAM explicaron por qu\u00e9 la invitaci\u00f3n del pa\u00eds norteamericano tiene caracter\u00edsticas que le convendr\u00edan a M\u00e9xico Es conveniente para M\u00e9xico participar en la\u00a0nueva pol\u00edtica industrial de Estados Unidos\u00a0(EEUU), la cual tiene importancia geoestrat\u00e9gica porque lo considera dentro del bloque de Am\u00e9rica del Norte, capaz de competir con grandes inversiones como las de [&hellip;]<\/p>\n","protected":false},"author":1,"featured_media":8765,"comment_status":"open","ping_status":"closed","sticky":false,"template":"","format":"standard","meta":{"footnotes":""},"categories":[7,9],"tags":[],"class_list":["post-8763","post","type-post","status-publish","format-standard","has-post-thumbnail","hentry","category-nacional","category-politica"],"_links":{"self":[{"href":"https:\/\/red360digital.com\/index.php?rest_route=\/wp\/v2\/posts\/8763","targetHints":{"allow":["GET"]}}],"collection":[{"href":"https:\/\/red360digital.com\/index.php?rest_route=\/wp\/v2\/posts"}],"about":[{"href":"https:\/\/red360digital.com\/index.php?rest_route=\/wp\/v2\/types\/post"}],"author":[{"embeddable":true,"href":"https:\/\/red360digital.com\/index.php?rest_route=\/wp\/v2\/users\/1"}],"replies":[{"embeddable":true,"href":"https:\/\/red360digital.com\/index.php?rest_route=%2Fwp%2Fv2%2Fcomments&post=8763"}],"version-history":[{"count":0,"href":"https:\/\/red360digital.com\/index.php?rest_route=\/wp\/v2\/posts\/8763\/revisions"}],"wp:featuredmedia":[{"embeddable":true,"href":"https:\/\/red360digital.com\/index.php?rest_route=\/wp\/v2\/media\/8765"}],"wp:attachment":[{"href":"https:\/\/red360digital.com\/index.php?rest_route=%2Fwp%2Fv2%2Fmedia&parent=8763"}],"wp:term":[{"taxonomy":"category","embeddable":true,"href":"https:\/\/red360digital.com\/index.php?rest_route=%2Fwp%2Fv2%2Fcategories&post=8763"},{"taxonomy":"post_tag","embeddable":true,"href":"https:\/\/red360digital.com\/index.php?rest_route=%2Fwp%2Fv2%2Ftags&post=8763"}],"curies":[{"name":"wp","href":"https:\/\/api.w.org\/{rel}","templated":true}]}}