{"id":8916,"date":"2022-09-23T16:04:00","date_gmt":"2022-09-23T21:04:00","guid":{"rendered":"https:\/\/red360digital.com\/?p=8916"},"modified":"2022-09-23T21:04:09","modified_gmt":"2022-09-23T21:04:09","slug":"ucrania-agradece-apoyo-de-mexico-en-la-onu","status":"publish","type":"post","link":"https:\/\/red360digital.com\/?p=8916","title":{"rendered":"Ucrania agradece apoyo de M\u00e9xico en la ONU"},"content":{"rendered":"<div class=\"jsx-1778878049 \">\n<h4 style=\"text-align: center;\">El ministro de Relaciones Exteriores de Ucrania, Dmytro Kuleba, agradeci\u00f3 el apoyo de M\u00e9xico hacia su pa\u00eds dentro de la Organizaciones de Naciones Unidas (ONU).<\/h4>\n<\/div>\n<div class=\"jsx-1921398030 newsbody\">\n<div class=\"jsx-670345696 share fixed\">\n<div class=\"jsx-670345696 \">\n<p class=\"jsx-3954459878\">El ministro de Relaciones Exteriores de Ucrania, Dmytro Kuleba, agradeci\u00f3 el apoyo de M\u00e9xico hacia su pa\u00eds dentro de la Organizaciones de Naciones Unidas (ONU).<\/p>\n<p class=\"jsx-3954459878 fi-aic_250 fi-aic_115565\">En el marco de la Asamblea General de las Naciones Unidas, en Nueva York, Kuleba sostuvo un encuentro con el secretario de Relaciones Exteriores, Marcelo Ebrard, donde hablaron sobre la relaci\u00f3n bilateral y reafirmaron el compromiso compartido de respetar la soberan\u00eda y la integridad territorial de todos los pa\u00edses.<\/p>\n<p class=\"jsx-3954459878\">\u201cEn nuestra reuni\u00f3n de hoy, mi hom\u00f3logo mexicano Marcelo Ebrard y yo reafirmamos el compromiso compartido de nuestros pa\u00edses de respetar la soberan\u00eda y la integridad territorial de todos los estados\u201d, escribi\u00f3 en su cuenta de Twitter.<\/p>\n<p class=\"jsx-3954459878\">El funcionario ucraniano agreg\u00f3: \u201cTambi\u00e9n discutimos la cooperaci\u00f3n bilateral. Agradecidos con M\u00e9xico por apoyar a Ucrania dentro de la ONU\u201d.<\/p>\n<p class=\"jsx-3954459878\">Por su parte, el canciller Ebrard asegur\u00f3 que el di\u00e1logo bilateral fue cordial.<\/p>\n<blockquote class=\"jsx-2464929417\">\n<p class=\"jsx-3954459878\">Sostuve cordial conversaci\u00f3n con Dmytro Kuleba, Ministro de Asuntos Exteriores de Ucrania. Agradeci\u00f3 los esfuerzos de M\u00e9xico en el Consejo de Seguridad\u201d, escribi\u00f3 en la misma red social.<\/p>\n<\/blockquote>\n<p class=\"jsx-3954459878 fi-aic_250 fi-aic_115565\">M\u00e9xico propuso el jueves formalmente ante el Consejo de Seguridad y la Asamblea General de la ONU, la creaci\u00f3n de un comit\u00e9 para el Di\u00e1logo y Paz en Ucrania, para la mediaci\u00f3n en el conflicto ruso-ucraniano. Propone que India y el Vaticano encabecen una negociaci\u00f3n, la iniciativa no hab\u00eda tenido una recepci\u00f3n positiva en Ucrania, cuando el presidente de M\u00e9xico anunci\u00f3 el plan el pasado 16 de septiembre.<\/p>\n<p class=\"jsx-3954459878\">Mykhailo Podolyak, jefe de la Oficina del presidente ucraniano Volod\u00edmir Zelensky, consider\u00f3 la propuesta de AMLO como \u201cprorusa\u201d.<\/p>\n<h2 class=\"jsx-1282840227\">Encuentros bilaterales<\/h2>\n<p class=\"jsx-3954459878\">Marcelo Ebrard tambi\u00e9n tuvo la oportunidad de reunirse con las y los ministros de exteriores del mecanismo MIKTA, con quienes dialog\u00f3 sobre salud global, seguridad alimentaria y migraci\u00f3n.<\/p>\n<p class=\"jsx-3954459878 fi-aic_250\">Con el ministro de Asuntos Exteriores y Comercio de Hungr\u00eda, P\u00e9ter Szijj\u00e1rt\u00f3, firm\u00f3 dos acuerdos en materia de becas y cooperaci\u00f3n espacial.<\/p>\n<p class=\"jsx-3954459878\">Mientras que con el ministro de Asuntos Exteriores de India, Subrahmanyam Jaishankar, abord\u00f3 la pr\u00f3xima presidencia del G20 que ostentar\u00e1 la India, la producci\u00f3n farmac\u00e9utica, as\u00ed como proyectos de ciencia y tecnolog\u00eda.<\/p>\n<p class=\"jsx-3954459878\">En su encuentro bilateral con el primer ministro de Palestina, Mohammad Shtayyeh, dialog\u00f3 sobre la entrega de equipo m\u00e9dico al hospital en Qalqilya, a trav\u00e9s de la AMEXCID y la Cooperaci\u00f3n m\u00e9dica para Gaza.<\/p>\n<\/div>\n<\/div>\n<div class=\"jsx-1921398030\">\n<div class=\"jsx-3150550767\"><\/div>\n<\/div>\n<\/div>\n","protected":false},"excerpt":{"rendered":"<p>El ministro de Relaciones Exteriores de Ucrania, Dmytro Kuleba, agradeci\u00f3 el apoyo de M\u00e9xico hacia su pa\u00eds dentro de la Organizaciones de Naciones Unidas (ONU). El ministro de Relaciones Exteriores de Ucrania, Dmytro Kuleba, agradeci\u00f3 el apoyo de M\u00e9xico hacia su pa\u00eds dentro de la Organizaciones de Naciones Unidas (ONU). En el marco de la [&hellip;]<\/p>\n","protected":false},"author":1,"featured_media":8918,"comment_status":"open","ping_status":"closed","sticky":false,"template":"","format":"standard","meta":{"footnotes":""},"categories":[5,7,9],"tags":[],"class_list":["post-8916","post","type-post","status-publish","format-standard","has-post-thumbnail","hentry","category-internacional","category-nacional","category-politica"],"_links":{"self":[{"href":"https:\/\/red360digital.com\/index.php?rest_route=\/wp\/v2\/posts\/8916","targetHints":{"allow":["GET"]}}],"collection":[{"href":"https:\/\/red360digital.com\/index.php?rest_route=\/wp\/v2\/posts"}],"about":[{"href":"https:\/\/red360digital.com\/index.php?rest_route=\/wp\/v2\/types\/post"}],"author":[{"embeddable":true,"href":"https:\/\/red360digital.com\/index.php?rest_route=\/wp\/v2\/users\/1"}],"replies":[{"embeddable":true,"href":"https:\/\/red360digital.com\/index.php?rest_route=%2Fwp%2Fv2%2Fcomments&post=8916"}],"version-history":[{"count":0,"href":"https:\/\/red360digital.com\/index.php?rest_route=\/wp\/v2\/posts\/8916\/revisions"}],"wp:featuredmedia":[{"embeddable":true,"href":"https:\/\/red360digital.com\/index.php?rest_route=\/wp\/v2\/media\/8918"}],"wp:attachment":[{"href":"https:\/\/red360digital.com\/index.php?rest_route=%2Fwp%2Fv2%2Fmedia&parent=8916"}],"wp:term":[{"taxonomy":"category","embeddable":true,"href":"https:\/\/red360digital.com\/index.php?rest_route=%2Fwp%2Fv2%2Fcategories&post=8916"},{"taxonomy":"post_tag","embeddable":true,"href":"https:\/\/red360digital.com\/index.php?rest_route=%2Fwp%2Fv2%2Ftags&post=8916"}],"curies":[{"name":"wp","href":"https:\/\/api.w.org\/{rel}","templated":true}]}}