{"id":8970,"date":"2022-09-25T15:46:18","date_gmt":"2022-09-25T20:46:18","guid":{"rendered":"https:\/\/red360digital.com\/?p=8970"},"modified":"2022-09-26T20:47:28","modified_gmt":"2022-09-26T20:47:28","slug":"mexico-desconecta-espectro-caro-a-5-millones","status":"publish","type":"post","link":"https:\/\/red360digital.com\/?p=8970","title":{"rendered":"M\u00e9xico | Desconecta espectro caro a 5 millones"},"content":{"rendered":"<p>En M\u00e9xico, 5 millones de personas no tienen acceso a los servicios de telecomunicaciones por el elevado costo del espectro radioel\u00e9ctrico, afirm\u00f3 Mats Granryd, director general de la Asociaci\u00f3n Global de Ecosistema M\u00f3vil (GSMA).<\/p>\n<p>\u201cSi los precios del espectro estuvieran en el promedio que tiene Am\u00e9rica Latina, habr\u00eda 5 millones de personas m\u00e1s conectadas\u201d, dijo en entrevista Granryd.<\/p>\n<p>Expuso que el Gobierno tiene una pol\u00edtica recaudatoria en espectro radioel\u00e9ctrico, lo que se puede contextualizar con las coberturas del servicio de las redes de telefon\u00eda m\u00f3vil.<\/p>\n<p>Por ejemplo, a\u00f1adi\u00f3, la red 4G tiene una cobertura de 47 por ciento en M\u00e9xico, mientras en Am\u00e9rica Latina est\u00e1 disponible en 62 por ciento de la poblaci\u00f3n.<\/p>\n<p>El especialista lament\u00f3 que los costos del espectro provoquen impactos como la devoluci\u00f3n que hizo Telef\u00f3nica y que no se puedan desarrollar varias empresas en el mercado.<\/p>\n<p>El caso de Telef\u00f3nica es \u00fanico en todo el mundo, y con ello M\u00e9xico pas\u00f3 de un camino de liderazgo a estar en medio de un desaf\u00edo, agreg\u00f3.<\/p>\n<p>\u201cEn M\u00e9xico hay operadores que tienen caracter\u00edsticas para construir redes, pero el costo del espectro es una barrera\u201d, apunt\u00f3.<\/p>\n<p>A\u00f1adi\u00f3 que el sector local no debe pagar altos costos por el uso y aprovechamiento del espectro, pues adem\u00e1s de no permitir la competitividad entre empresas, es un factor que podr\u00eda ayudar en la reducci\u00f3n de la brecha digital.<\/p>\n<p>Granryd estuvo de visita en M\u00e9xico para sostener pl\u00e1ticas con la Secretar\u00eda de Hacienda, el Instituto Federal de Telecomunicaciones (IFT) y operadores telef\u00f3nicos.<\/p>\n<p>GSMA es un organismo internacional importante de las telecomunicaciones, que incluye 750 operadores m\u00f3viles y 400 compa\u00f1\u00edas relacionadas.<\/p>\n","protected":false},"excerpt":{"rendered":"<p>En M\u00e9xico, 5 millones de personas no tienen acceso a los servicios de telecomunicaciones por el elevado costo del espectro radioel\u00e9ctrico, afirm\u00f3 Mats Granryd, director general de la Asociaci\u00f3n Global de Ecosistema M\u00f3vil (GSMA). \u201cSi los precios del espectro estuvieran en el promedio que tiene Am\u00e9rica Latina, habr\u00eda 5 millones de personas m\u00e1s conectadas\u201d, dijo [&hellip;]<\/p>\n","protected":false},"author":1,"featured_media":8972,"comment_status":"open","ping_status":"closed","sticky":false,"template":"","format":"standard","meta":{"footnotes":""},"categories":[7,13],"tags":[],"class_list":["post-8970","post","type-post","status-publish","format-standard","has-post-thumbnail","hentry","category-nacional","category-tecnologia"],"_links":{"self":[{"href":"https:\/\/red360digital.com\/index.php?rest_route=\/wp\/v2\/posts\/8970","targetHints":{"allow":["GET"]}}],"collection":[{"href":"https:\/\/red360digital.com\/index.php?rest_route=\/wp\/v2\/posts"}],"about":[{"href":"https:\/\/red360digital.com\/index.php?rest_route=\/wp\/v2\/types\/post"}],"author":[{"embeddable":true,"href":"https:\/\/red360digital.com\/index.php?rest_route=\/wp\/v2\/users\/1"}],"replies":[{"embeddable":true,"href":"https:\/\/red360digital.com\/index.php?rest_route=%2Fwp%2Fv2%2Fcomments&post=8970"}],"version-history":[{"count":0,"href":"https:\/\/red360digital.com\/index.php?rest_route=\/wp\/v2\/posts\/8970\/revisions"}],"wp:featuredmedia":[{"embeddable":true,"href":"https:\/\/red360digital.com\/index.php?rest_route=\/wp\/v2\/media\/8972"}],"wp:attachment":[{"href":"https:\/\/red360digital.com\/index.php?rest_route=%2Fwp%2Fv2%2Fmedia&parent=8970"}],"wp:term":[{"taxonomy":"category","embeddable":true,"href":"https:\/\/red360digital.com\/index.php?rest_route=%2Fwp%2Fv2%2Fcategories&post=8970"},{"taxonomy":"post_tag","embeddable":true,"href":"https:\/\/red360digital.com\/index.php?rest_route=%2Fwp%2Fv2%2Ftags&post=8970"}],"curies":[{"name":"wp","href":"https:\/\/api.w.org\/{rel}","templated":true}]}}