{"id":9057,"date":"2022-09-29T15:26:40","date_gmt":"2022-09-29T20:26:40","guid":{"rendered":"https:\/\/red360digital.com\/?p=9057"},"modified":"2022-09-29T20:26:49","modified_gmt":"2022-09-29T20:26:49","slug":"mexico-genera-corte-vacios-legales-con-audiencias","status":"publish","type":"post","link":"https:\/\/red360digital.com\/?p=9057","title":{"rendered":"M\u00e9xico | Genera Corte vac\u00edos legales con audiencias"},"content":{"rendered":"<p>La Suprema Corte de Justicia de la Naci\u00f3n (SCJN) genera vac\u00edos legales en el derecho de las Audiencias, acus\u00f3 Michel Hern\u00e1ndez Tafoya, director general del Observatorio de las Telecomunicaciones (Observatel).<\/p>\n<p>Dijo que estos vac\u00edos en la Ley Federal de Telecomunicaciones y Radiodifusi\u00f3n (LFTyR) derivados de las modificaciones realizadas en d\u00edas pasados crean confusi\u00f3n porque no se sabe cu\u00e1l marco jur\u00eddico prevalece en la materia.<\/p>\n<p>\u201cSolicitamos que se se\u00f1ale cu\u00e1l es el marco jur\u00eddico que va a prevalecer, pues hasta ahora la Corte mantiene vac\u00edos legales con las audiencias\u201d, exhort\u00f3 Hern\u00e1ndez Tafoya.<\/p>\n<p>Esta declaraci\u00f3n ocurre, luego de que m\u00e1s de 20 organizaciones civiles demandaron al m\u00e1ximo tribunal judicial claridad puntual sobre los alcances que tendr\u00e1n las modificaciones a la ley.<\/p>\n<p>El 29 de agosto de 2022, la Corte determin\u00f3 invalidar el decreto de la contrarreforma de audiencias aplicado en 2017 a la LFTyR. Sin embargo, tras los cambios la SCJN difundi\u00f3 un breve mensaje en el que indica que tampoco se restablecieron los derechos de las audiencias de 2014.<\/p>\n<p>Esta decisi\u00f3n deriv\u00f3 que organizaciones de la sociedad civil le demanden que aclare el engrose de las modificaciones a la Ley respectiva, pues los cambios y mensajes emitidos no aclaran qu\u00e9 reglas regir\u00e1n.<\/p>\n<p>A t\u00edtulo personal, Hern\u00e1ndez Tafoya dijo que en un escenario positivo es que permanece el texto de 2014 que reconoce el derecho de las audiencias y revive la facultad de Instituto Federal de Telecomunicaciones para emitir lineamientos sobre los contenidos transmitidos en radio y televisi\u00f3n.<\/p>\n<p>Derecho estrat\u00e9gico<\/p>\n<p>Fue en 2014 cuando la Ley Federal de Telecomunicaciones y Radiodifusi\u00f3n reconoci\u00f3 el derecho de las audiencias, pero \u00bfqu\u00e9 implica?:<\/p>\n<p>1 Recibir contenidos que reflejen el pluralismo ideol\u00f3gico, pol\u00edtico, social y cultural y ling\u00fc\u00edstico de la Naci\u00f3n.<\/p>\n<p>2 Acceder a programaci\u00f3n que incluya diferentes g\u00e9neros que respondan a la expresi\u00f3n de la diversidad y pluralidad de ideas y opiniones que fortalezcan la vida democr\u00e1tica de la sociedad.<\/p>\n<p>3 Que se diferencie con claridad la informaci\u00f3n noticiosa de la opini\u00f3n de quien la presenta.<\/p>\n<p>4 Que se aporten elementos para distinguir entre la publicidad y el contenido de un programa.<\/p>\n","protected":false},"excerpt":{"rendered":"<p>La Suprema Corte de Justicia de la Naci\u00f3n (SCJN) genera vac\u00edos legales en el derecho de las Audiencias, acus\u00f3 Michel Hern\u00e1ndez Tafoya, director general del Observatorio de las Telecomunicaciones (Observatel). Dijo que estos vac\u00edos en la Ley Federal de Telecomunicaciones y Radiodifusi\u00f3n (LFTyR) derivados de las modificaciones realizadas en d\u00edas pasados crean confusi\u00f3n porque no [&hellip;]<\/p>\n","protected":false},"author":1,"featured_media":9059,"comment_status":"open","ping_status":"closed","sticky":false,"template":"","format":"standard","meta":{"footnotes":""},"categories":[7,9],"tags":[],"class_list":["post-9057","post","type-post","status-publish","format-standard","has-post-thumbnail","hentry","category-nacional","category-politica"],"_links":{"self":[{"href":"https:\/\/red360digital.com\/index.php?rest_route=\/wp\/v2\/posts\/9057","targetHints":{"allow":["GET"]}}],"collection":[{"href":"https:\/\/red360digital.com\/index.php?rest_route=\/wp\/v2\/posts"}],"about":[{"href":"https:\/\/red360digital.com\/index.php?rest_route=\/wp\/v2\/types\/post"}],"author":[{"embeddable":true,"href":"https:\/\/red360digital.com\/index.php?rest_route=\/wp\/v2\/users\/1"}],"replies":[{"embeddable":true,"href":"https:\/\/red360digital.com\/index.php?rest_route=%2Fwp%2Fv2%2Fcomments&post=9057"}],"version-history":[{"count":0,"href":"https:\/\/red360digital.com\/index.php?rest_route=\/wp\/v2\/posts\/9057\/revisions"}],"wp:featuredmedia":[{"embeddable":true,"href":"https:\/\/red360digital.com\/index.php?rest_route=\/wp\/v2\/media\/9059"}],"wp:attachment":[{"href":"https:\/\/red360digital.com\/index.php?rest_route=%2Fwp%2Fv2%2Fmedia&parent=9057"}],"wp:term":[{"taxonomy":"category","embeddable":true,"href":"https:\/\/red360digital.com\/index.php?rest_route=%2Fwp%2Fv2%2Fcategories&post=9057"},{"taxonomy":"post_tag","embeddable":true,"href":"https:\/\/red360digital.com\/index.php?rest_route=%2Fwp%2Fv2%2Ftags&post=9057"}],"curies":[{"name":"wp","href":"https:\/\/api.w.org\/{rel}","templated":true}]}}