{"id":91,"date":"2020-06-02T22:58:00","date_gmt":"2020-06-02T22:58:00","guid":{"rendered":"http:\/\/whatsappcancun.com\/?p=91"},"modified":"2020-06-02T22:58:00","modified_gmt":"2020-06-02T22:58:00","slug":"cancun-mas-de-10-mil-negocios-arrancan-preparativos-para-abrir","status":"publish","type":"post","link":"https:\/\/red360digital.com\/?p=91","title":{"rendered":"Canc\u00fan: m\u00e1s de 10 mil negocios arrancan preparativos para abrir"},"content":{"rendered":"\n<p>Los establecimientos hoteleros de Canc\u00fan han abierto sus puertas este lunes para recibir a sus colaboradores que har\u00e1n trabajos de limpieza, acondicionamiento y capacitaci\u00f3n de acuerdo a los nuevos protocolos sanitarios anti Covid-19 de cara a la reapertura prevista para el pr\u00f3ximo 8 de junio, como adelant\u00f3.<\/p>\n\n\n\n<p>As\u00ed lo ha confirmado Roberto Cintr\u00f3n G\u00f3mez, presidente de la Asociaci\u00f3n de Hoteles de Canc\u00fan, Puerto Morelos e Isla Mujeres, publica Sipse. De acuerdo con el Instituto Nacional de Estad\u00edstica y Geograf\u00eda, a los 14 mil negocios considerados como esenciales en Canc\u00fan, se espera sumar a partir del 8 de junio, 10 mil 885 negocios del Sectur (hoteles y restaurantes) en funci\u00f3n de la se\u00f1alizaci\u00f3n que marque el sem\u00e1foro estatal para cada regi\u00f3n, presentado este fin de semana por el gobernador Carlos Joaqu\u00edn Gonz\u00e1lez.<\/p>\n\n\n\n<p>Este sem\u00e1foro medir\u00e1 la reactivaci\u00f3n econ\u00f3mica en cuatro fases: rojo, naranja, amarillo y verde, que determinan el nivel de alerta en la apertura econ\u00f3mica y dar\u00e1 el visto bueno para el inicio de actividades. Est\u00e1 dividido en la regi\u00f3n Sur y Norte.<\/p>\n\n\n\n<p>Para el caso de los restaurantes \u00fanicamente un 10 por ciento iniciar\u00e1 la reapertura, de los poco m\u00e1s de tres mil que hay s\u00f3lo en Canc\u00fan.<\/p>\n","protected":false},"excerpt":{"rendered":"<p>Los establecimientos hoteleros de Canc\u00fan han abierto sus puertas este lunes para recibir a sus colaboradores que har\u00e1n trabajos de limpieza, acondicionamiento y capacitaci\u00f3n de acuerdo a los nuevos protocolos sanitarios anti Covid-19 de cara a la reapertura prevista para el pr\u00f3ximo 8 de junio, como adelant\u00f3. As\u00ed lo ha confirmado Roberto Cintr\u00f3n G\u00f3mez, presidente [&hellip;]<\/p>\n","protected":false},"author":1,"featured_media":92,"comment_status":"open","ping_status":"closed","sticky":false,"template":"","format":"standard","meta":{"footnotes":""},"categories":[12],"tags":[],"class_list":["post-91","post","type-post","status-publish","format-standard","has-post-thumbnail","hentry","category-sin-categoria"],"_links":{"self":[{"href":"https:\/\/red360digital.com\/index.php?rest_route=\/wp\/v2\/posts\/91","targetHints":{"allow":["GET"]}}],"collection":[{"href":"https:\/\/red360digital.com\/index.php?rest_route=\/wp\/v2\/posts"}],"about":[{"href":"https:\/\/red360digital.com\/index.php?rest_route=\/wp\/v2\/types\/post"}],"author":[{"embeddable":true,"href":"https:\/\/red360digital.com\/index.php?rest_route=\/wp\/v2\/users\/1"}],"replies":[{"embeddable":true,"href":"https:\/\/red360digital.com\/index.php?rest_route=%2Fwp%2Fv2%2Fcomments&post=91"}],"version-history":[{"count":0,"href":"https:\/\/red360digital.com\/index.php?rest_route=\/wp\/v2\/posts\/91\/revisions"}],"wp:featuredmedia":[{"embeddable":true,"href":"https:\/\/red360digital.com\/index.php?rest_route=\/wp\/v2\/media\/92"}],"wp:attachment":[{"href":"https:\/\/red360digital.com\/index.php?rest_route=%2Fwp%2Fv2%2Fmedia&parent=91"}],"wp:term":[{"taxonomy":"category","embeddable":true,"href":"https:\/\/red360digital.com\/index.php?rest_route=%2Fwp%2Fv2%2Fcategories&post=91"},{"taxonomy":"post_tag","embeddable":true,"href":"https:\/\/red360digital.com\/index.php?rest_route=%2Fwp%2Fv2%2Ftags&post=91"}],"curies":[{"name":"wp","href":"https:\/\/api.w.org\/{rel}","templated":true}]}}