{"id":9144,"date":"2022-10-03T16:13:25","date_gmt":"2022-10-03T21:13:25","guid":{"rendered":"https:\/\/red360digital.com\/?p=9144"},"modified":"2022-10-03T21:13:36","modified_gmt":"2022-10-03T21:13:36","slug":"plan-contra-la-inflacion-cuanto-maiz-y-frijol-exporta-mexico-al-mundo","status":"publish","type":"post","link":"https:\/\/red360digital.com\/?p=9144","title":{"rendered":"Plan contra la inflaci\u00f3n: \u00bfCu\u00e1nto ma\u00edz y frijol exporta M\u00e9xico al mundo?"},"content":{"rendered":"<div class=\"row\">\n<div class=\"col-sm-xl-12 layout-section wrap-bottom\">\n<h4 class=\"primary-font__PrimaryFontStyles-o56yd5-0 heuGTu h4-primary sub-headline\" style=\"text-align: center;\">De enero a junio de 2022, M\u00e9xico export\u00f3 249 mil 144 toneladas de ma\u00edz y 55 mil 422 toneladas de frijol.<\/h4>\n<div class=\"default__StyledDiv-cj38t1-0 gCPfDm share-bar\">\n<p class=\"default__StyledText-xb1qmn-0 cgXrXK body-paragraph\">El\u00a0<b>ma\u00edz\u00a0<\/b>y el\u00a0<b>frijol\u00a0<\/b>son dos de los granos m\u00e1s importantes en el consumo de los mexicanos, pero tambi\u00e9n de\u00a0<b>los granos que m\u00e1s exporta el pa\u00eds al resto del mundo<\/b>, dejando al pa\u00eds con un d\u00e9ficit comercial en estos alimentos.<\/p>\n<p class=\"default__StyledText-xb1qmn-0 cgXrXK body-paragraph\">De acuerdo con cifras de la Secretar\u00eda de Agricultura y Desarrollo Rural (<b>SADER<\/b>),<b>\u00a0M\u00e9xico export\u00f3 55 mil 422 toneladas de frijol en la primera mitad del a\u00f1o<\/b>, 19 por ciento m\u00e1s que todo lo exportado durante 2021, cuando el volumen alcanz\u00f3 los 46 mil 499 toneladas. Incluye frijol blanco, negro, para siembra y los dem\u00e1s.<\/p>\n<p class=\"default__StyledText-xb1qmn-0 cgXrXK body-paragraph\">El cliente principal es\u00a0<b>Estados Unidos<\/b>, quien compra cerca del 80 por ciento del frijol. Le siguen pa\u00edses como\u00a0<b>Per\u00fa<\/b>,\u00a0<b>Espa\u00f1a<\/b>,\u00a0<b>Chile\u00a0<\/b>e\u00a0<b>Italia<\/b>.<\/p>\n<p class=\"default__StyledText-xb1qmn-0 cgXrXK body-paragraph\">El a\u00f1o pasado,<b>\u00a0M\u00e9xico tuvo que importar 180 mil 855 toneladas de frijol para abastecer el consumo interno<\/b>, un 23 por ciento m\u00e1s que lo comprado en 2020. Canad\u00e1, Estados Unidos y China son los principales proveedores de M\u00e9xico.<\/p>\n<p class=\"default__StyledText-xb1qmn-0 cgXrXK body-paragraph\"><b>En el caso del ma\u00edz, de enero a junio de 2022 M\u00e9xico export\u00f3 249 mil 144 toneladas de este grano<\/b>, cifra similar a lo exportado durante todo el a\u00f1o 2021. Cabe mencionar que a partir de 2016 se muestra una marcada disminuci\u00f3n de las exportaciones de ma\u00edz, donde los clientes principales son\u00a0<b>Venezuela<\/b>,\u00a0<b>Guatemala\u00a0<\/b>y\u00a0<b>El Salvador<\/b>.<\/p>\n<p class=\"default__StyledText-xb1qmn-0 cgXrXK body-paragraph\">Por su parte, las importaciones que realiz\u00f3 M\u00e9xico fueron de\u00a0<b>17 millones 77 mil toneladas en la primera mitad del a\u00f1o<\/b>, siendo Estados Unidos su principal proveedor.<\/p>\n<p class=\"default__StyledText-xb1qmn-0 cgXrXK body-paragraph\">De acuerdo con la SADER,\u00a0<b>el consumo anual per c\u00e1pita de Ma\u00edz de los mexicanos es de 331.9 kilogramos<\/b>, mientras que de frijol son 9 kilogramos.<\/p>\n<h2 class=\"heading__StyledHeading-sc-5jxglz-0 kSxoe\"><b>Acuerdo de Apertura contra la Inflaci\u00f3n y la Carest\u00eda: \u00bfqu\u00e9 productos \u2018congelar\u00e1n\u2019 sus precios?<\/b><\/h2>\n<p class=\"default__StyledText-xb1qmn-0 cgXrXK body-paragraph\">El Gobierno de M\u00e9xico present\u00f3 este lunes el\u00a0<b>Acuerdo de Apertura contra la Inflaci\u00f3n y la Carest\u00eda<\/b><b>,\u00a0<\/b>un proyecto con 15 empresas de productos b\u00e1sicos que tiene el objetivo de combatir los altos niveles de la inflaci\u00f3n.<\/p>\n<p class=\"default__StyledText-xb1qmn-0 cgXrXK body-paragraph\">El plan propone que el precio m\u00e1ximo de la canasta b\u00e1sica sea de\u00a0<b>mil 39 pesos<\/b>\u00a0y tambi\u00e9n la \u2018congelaci\u00f3n\u2019 de algunos precios, esto para disminuir la escalada de precios.<\/p>\n<p class=\"default__StyledText-xb1qmn-0 cgXrXK body-paragraph\">Los productos y tarifas que no subir\u00e1n sus precios son los siguientes:<\/p>\n<ul class=\"list__StyledUnorderedList-sc-1wwq737-2 elaPtt\">\n<li class=\"list__StyledListItem-sc-1wwq737-0 dmVxvi\">Gasolinas: el presidente Andr\u00e9s Manuel L\u00f3pez Obrador subray\u00f3 que la administraci\u00f3n federal continuar\u00e1 con la pol\u00edtica de apoyar con subsidios para evitar aumentos sustancias del precio de gasolinas y di\u00e9sel.<\/li>\n<li class=\"list__StyledListItem-sc-1wwq737-0 dmVxvi\">Harina de ma\u00edz: los empresarios se comprometieron a que el precio del producto utilizado para la producci\u00f3n de las tortillas sea, en promedio, 3 por ciento menos al actual.<\/li>\n<li class=\"list__StyledListItem-sc-1wwq737-0 dmVxvi\">Tarifas de las autopistas concesionadas hasta el 28 de febrero de 2023<\/li>\n<\/ul>\n<\/div>\n<\/div>\n<\/div>\n","protected":false},"excerpt":{"rendered":"<p>De enero a junio de 2022, M\u00e9xico export\u00f3 249 mil 144 toneladas de ma\u00edz y 55 mil 422 toneladas de frijol. El\u00a0ma\u00edz\u00a0y el\u00a0frijol\u00a0son dos de los granos m\u00e1s importantes en el consumo de los mexicanos, pero tambi\u00e9n de\u00a0los granos que m\u00e1s exporta el pa\u00eds al resto del mundo, dejando al pa\u00eds con un d\u00e9ficit comercial [&hellip;]<\/p>\n","protected":false},"author":1,"featured_media":9146,"comment_status":"open","ping_status":"closed","sticky":false,"template":"","format":"standard","meta":{"footnotes":""},"categories":[7,9],"tags":[],"class_list":["post-9144","post","type-post","status-publish","format-standard","has-post-thumbnail","hentry","category-nacional","category-politica"],"_links":{"self":[{"href":"https:\/\/red360digital.com\/index.php?rest_route=\/wp\/v2\/posts\/9144","targetHints":{"allow":["GET"]}}],"collection":[{"href":"https:\/\/red360digital.com\/index.php?rest_route=\/wp\/v2\/posts"}],"about":[{"href":"https:\/\/red360digital.com\/index.php?rest_route=\/wp\/v2\/types\/post"}],"author":[{"embeddable":true,"href":"https:\/\/red360digital.com\/index.php?rest_route=\/wp\/v2\/users\/1"}],"replies":[{"embeddable":true,"href":"https:\/\/red360digital.com\/index.php?rest_route=%2Fwp%2Fv2%2Fcomments&post=9144"}],"version-history":[{"count":0,"href":"https:\/\/red360digital.com\/index.php?rest_route=\/wp\/v2\/posts\/9144\/revisions"}],"wp:featuredmedia":[{"embeddable":true,"href":"https:\/\/red360digital.com\/index.php?rest_route=\/wp\/v2\/media\/9146"}],"wp:attachment":[{"href":"https:\/\/red360digital.com\/index.php?rest_route=%2Fwp%2Fv2%2Fmedia&parent=9144"}],"wp:term":[{"taxonomy":"category","embeddable":true,"href":"https:\/\/red360digital.com\/index.php?rest_route=%2Fwp%2Fv2%2Fcategories&post=9144"},{"taxonomy":"post_tag","embeddable":true,"href":"https:\/\/red360digital.com\/index.php?rest_route=%2Fwp%2Fv2%2Ftags&post=9144"}],"curies":[{"name":"wp","href":"https:\/\/api.w.org\/{rel}","templated":true}]}}