{"id":9255,"date":"2022-10-07T16:10:10","date_gmt":"2022-10-07T21:10:10","guid":{"rendered":"https:\/\/red360digital.com\/?p=9255"},"modified":"2022-10-07T21:10:19","modified_gmt":"2022-10-07T21:10:19","slug":"mexico-la-inflacion-de-septiembre-crece-a-su-menor-ritmo-desde-abril","status":"publish","type":"post","link":"https:\/\/red360digital.com\/?p=9255","title":{"rendered":"M\u00e9xico: la inflaci\u00f3n de septiembre crece a su menor ritmo desde abril"},"content":{"rendered":"<h4 class=\"title\" style=\"text-align: center;\">M\u00e9xico: la inflaci\u00f3n de septiembre crece a su menor ritmo desde abril<\/h4>\n<div class=\"grouper-and-date-wrapper d-flex flex-row align-items-center justify-content-start\">\n<section class=\"detail-body first-paragraph\">\n<section id=\"note-body\" class=\"body-content note-body content-protected-false\" data-twitter-link=\"https:\/\/twitter.com\/intent\/tweet?url=https:\/\/www.ambito.com\/c5553762&amp;v\u00eda=Ambitocom&amp;related=\u00e1mbito.com&amp;text=\">La<strong>\u00a0inflaci\u00f3n en M\u00e9xico en septiembre fue de 0,62%<\/strong>\u00a0y el registro\u00a0<strong>interanual fue de 8,7%<\/strong>, el mismo nivel de agosto, inform\u00f3 este viernes el instituto nacional de estad\u00edstica, INEGI. As\u00ed, su variaci\u00f3n mensual fue la menor registrada desde abril.<\/p>\n<section class=\"detail-body second-paragraph\">\n<section class=\"body-content note-body content-protected-false\"><strong>La cifra de inflaci\u00f3n mensual result\u00f3 igual a la de septiembre de 2021<\/strong>, cuando el INEGI reportaba un acumulado anual del 6%.<\/p>\n<\/section>\n<\/section>\n<section class=\"related-note-in-body\">\n<article class=\"related-note-in-body-article row align-items-stretch no-gutters  \" data-type=\"article\">\n<div class=\"col-auto\">\n<p>La estabilizaci\u00f3n de la tasa interanual fue celebrada por el presidente<strong>\u00a0Andr\u00e9s Manuel L\u00f3pez Obrador.<\/strong>\u00a0\u00abEsa es muy buena noticia para el pueblo, para la gente y yo espero que hacia adelante siga la disminuci\u00f3n.\u00a0<strong>Ya lleg\u00f3 a su techo (la inflaci\u00f3n), a su l\u00edmite m\u00e1ximo, y va a empezar a bajar, ese es mi pron\u00f3stico\u00bb<\/strong>, lanz\u00f3 el mandatario durante su habitual conferencia de prensa matinal.<\/p>\n<p>El dato coincide con la designaci\u00f3n este viernes a<strong>\u00a0Raquel Buenrostro<\/strong>\u00a0como\u00a0nueva ministra de Econom\u00eda\u00a0en reemplazo de Tatiana Clouthier, quien renunci\u00f3 el jueves a su cargo. \u00abTom\u00e9 la decisi\u00f3n de nombrar a Raquel Buenrostro que ahora se desempe\u00f1a como directora del Servicio de Administraci\u00f3n Tributaria (SAT), donde hizo un muy buen trabajo, porque no disminuy\u00f3 la recaudaci\u00f3n (fiscal)\u00bb, anunci\u00f3 el jefe del Ejecutivo en conferencia de prensa.<\/p>\n<p>El pasado lunes, L\u00f3pez Obrador present\u00f3 un\u00a0<strong>nuevo acuerdo con empresas para tratar de frenar el aumento de precios<\/strong>, que propone fundamentalmente\u00a0<strong>simplificar los tr\u00e1mites para la importaci\u00f3n de alimentos e insumos<\/strong>. Con este plan\u00a0<strong>busca que el precio promedio de los 24 productos de la canasta b\u00e1sica se reduzca en un 8%<\/strong>, inform\u00f3 el gobierno.<\/p>\n<p>En septiembre,\u00a0<strong>los precios de los productos agropecuarios aumentaron 1,51%<\/strong>, en contraste con los de los\u00a0<strong>energ\u00e9ticos\u00a0<\/strong>y las\u00a0<strong>tarifas\u00a0<\/strong>autorizadas por el gobierno, que<strong>\u00a0retrocedieron 0,42%<\/strong>, detall\u00f3 el INEGI.<\/p>\n<p><strong>M\u00e9xico registra los mayores niveles inflacionarios en m\u00e1s de dos d\u00e9cadas<\/strong>, muy por encima del objetivo del Banco de M\u00e9xico (Banxico, central), que es de 3% anual +\/- un punto porcentual.<\/p>\n<p>Ante ese panorama,\u00a0<strong>Banxico subi\u00f3 el 29 de septiembre pasado\u00a0su tasa de inter\u00e9s por und\u00e9cima ocasi\u00f3n consecutiva, alcanzando un nivel r\u00e9cord de 9,25%.<\/strong><\/p>\n<p>La\u00a0<strong>econom\u00eda mexicana<\/strong>, duramente golpeada por la pandemia de covid-19,\u00a0<strong>se contrajo 8,4% en 2020<\/strong>.<strong>\u00a0En 2021 se expandi\u00f3 5%<\/strong>\u00a0y para este a\u00f1o los analistas que mes a mes encuesta el banco central\u00a0<strong>esperan un crecimiento de 2,0%.<\/strong><\/p>\n<p>Sin embargo, el\u00a0<strong>FMI\u00a0<\/strong>redujo su previsi\u00f3n de crecimiento para el pa\u00eds, aunque espera que la inflaci\u00f3n se estabilice durante el segundo semestre.<\/p>\n<\/div>\n<\/article>\n<\/section>\n<\/section>\n<\/section>\n<\/div>\n","protected":false},"excerpt":{"rendered":"<p>M\u00e9xico: la inflaci\u00f3n de septiembre crece a su menor ritmo desde abril La\u00a0inflaci\u00f3n en M\u00e9xico en septiembre fue de 0,62%\u00a0y el registro\u00a0interanual fue de 8,7%, el mismo nivel de agosto, inform\u00f3 este viernes el instituto nacional de estad\u00edstica, INEGI. As\u00ed, su variaci\u00f3n mensual fue la menor registrada desde abril. La cifra de inflaci\u00f3n mensual result\u00f3 [&hellip;]<\/p>\n","protected":false},"author":1,"featured_media":9257,"comment_status":"open","ping_status":"closed","sticky":false,"template":"","format":"standard","meta":{"footnotes":""},"categories":[7,9],"tags":[],"class_list":["post-9255","post","type-post","status-publish","format-standard","has-post-thumbnail","hentry","category-nacional","category-politica"],"_links":{"self":[{"href":"https:\/\/red360digital.com\/index.php?rest_route=\/wp\/v2\/posts\/9255","targetHints":{"allow":["GET"]}}],"collection":[{"href":"https:\/\/red360digital.com\/index.php?rest_route=\/wp\/v2\/posts"}],"about":[{"href":"https:\/\/red360digital.com\/index.php?rest_route=\/wp\/v2\/types\/post"}],"author":[{"embeddable":true,"href":"https:\/\/red360digital.com\/index.php?rest_route=\/wp\/v2\/users\/1"}],"replies":[{"embeddable":true,"href":"https:\/\/red360digital.com\/index.php?rest_route=%2Fwp%2Fv2%2Fcomments&post=9255"}],"version-history":[{"count":0,"href":"https:\/\/red360digital.com\/index.php?rest_route=\/wp\/v2\/posts\/9255\/revisions"}],"wp:featuredmedia":[{"embeddable":true,"href":"https:\/\/red360digital.com\/index.php?rest_route=\/wp\/v2\/media\/9257"}],"wp:attachment":[{"href":"https:\/\/red360digital.com\/index.php?rest_route=%2Fwp%2Fv2%2Fmedia&parent=9255"}],"wp:term":[{"taxonomy":"category","embeddable":true,"href":"https:\/\/red360digital.com\/index.php?rest_route=%2Fwp%2Fv2%2Fcategories&post=9255"},{"taxonomy":"post_tag","embeddable":true,"href":"https:\/\/red360digital.com\/index.php?rest_route=%2Fwp%2Fv2%2Ftags&post=9255"}],"curies":[{"name":"wp","href":"https:\/\/api.w.org\/{rel}","templated":true}]}}