{"id":9264,"date":"2022-10-07T16:34:38","date_gmt":"2022-10-07T21:34:38","guid":{"rendered":"https:\/\/red360digital.com\/?p=9264"},"modified":"2022-10-07T21:34:40","modified_gmt":"2022-10-07T21:34:40","slug":"claudia-sheinbaum-presento-su-4to-informe-de-gobierno-ante-un-docil-congreso-de-la-cdmx","status":"publish","type":"post","link":"https:\/\/red360digital.com\/?p=9264","title":{"rendered":"Claudia Sheinbaum present\u00f3 su 4to informe de gobierno ante un d\u00f3cil Congreso de la CDMX"},"content":{"rendered":"<h4 class=\"article-subheadline\" style=\"text-align: center;\">La jefa de gobierno de la Ciudad de M\u00e9xico compareci\u00f3 ante los legisladores locales tras su cuarto a\u00f1o de administraci\u00f3n<\/h4>\n<div class=\"byline\">\n<div class=\"byline-text-wrapper\">\n<div class=\"nd-body-blogging__article \">\n<p class=\"paragraph\">A trav\u00e9s de un resumen te contamos el minuto a minuto del Cuarto Informe de Gobierno de la jefa de gobierno de la Ciudad de M\u00e9xico,\u00a0<b>Claudia Sheinbaum\u00a0<\/b>ante el pleno del Congreso local. En un ambiente de total calma,\u00a0<b>casi d\u00f3cil<\/b>, los diputados y diputadas del Poder Legislativo recibieron a la gobernante que destac\u00f3 los avances realizadas durante su administraci\u00f3n.\u00a0<b>La oposici\u00f3n mostr\u00f3 poca resistencia.<\/b><\/p>\n<\/div>\n<div class=\"nd-body-blogging__article \">\n<div class=\"nd-body-blogging__article \">\n<p class=\"paragraph\">Como\u00a0<b>contestaci\u00f3n<\/b>\u00a0al Cuarto Informe de Gobierno, el presidente de la mesa directiva\u00a0<b>Fausto Manuel Zamorano<\/b>\u00a0reconoci\u00f3 los avances en las diversas \u00e1reas por parte de la administraci\u00f3n encabezada por Sheinbaum, pero pidi\u00f3 siempre tomar en cuenta los cuestionamientos y exigencias de la oposici\u00f3n.<\/p>\n<\/div>\n<div class=\"nd-body-blogging__article \">\n<p class=\"paragraph\">\u201cSe deben siempre\u00a0<b>considerar todas las voces con el prop\u00f3sitos de implementar soluciones<\/b>\u00a0a los problemas. No olvidamos que el grado de libertad y democracia de un Estado se define por la inclusi\u00f3n de la sociedad en las acciones y decisiones gubernamentales.<\/p>\n<\/div>\n<div class=\"nd-body-blogging__article \">\n<p class=\"paragraph\">\u201cSus logros son logros de toda nuestra entidad. El Congreso est\u00e1 abierto,<b>\u00a0querida jefa de gobierno<\/b>\u201d, mencion\u00f3 el\u00a0<i>pri\u00edsta<\/i>.<\/p>\n<div class=\"nd-body-blogging__article \">\n<p class=\"paragraph\">La jefa de gobierno se\u00f1al\u00f3 y agradeci\u00f3 la\u00a0<b>cooperaci\u00f3n interinstitucional estatal-federal<\/b>\u00a0como un factor clave para los trabajos de seguridad.<\/p>\n<\/div>\n<div class=\"nd-body-blogging__article \">\n<p class=\"paragraph\">Claudia Sheinbaum pidi\u00f3 al pleno un aplauso en reconocimiento para las autoridades en materia de seguridad, en lo que fue la \u00fanica interrupci\u00f3n a su discurso. Menci\u00f3n a\u00a0<b>Omar Garc\u00eda Harfuch<\/b>, a\u00a0<b>Rosa Icela Rodr\u00edguez<\/b>, as\u00ed como al general\u00a0<b>Luis Cresencio Sandoval<\/b>\u00a0(SEDENA) y al almirante\u00a0<b>Rafael Ojeda Dur\u00e1n<\/b>\u00a0(SEMAR).<\/p>\n<div class=\"nd-body-blogging__article \">\n<p class=\"paragraph\">En cuanto a la actualidad de la\u00a0<b>L\u00ednea 12<\/b>\u00a0refiri\u00f3: \u201c<b>Despu\u00e9s del tr\u00e1gico accidente estamos trabajando en su reforzamiento<\/b>. Estamos asegur\u00e1ndonos que sea una l\u00ednea completamente segura\u201d.<\/p>\n<\/div>\n<div class=\"nd-body-blogging__article \">\n<p class=\"paragraph\"><b>No coment\u00f3 nada acerca de los responsables del accidente<\/b>, ni brind\u00f3 mayores detalles sobre la situaci\u00f3n legal de estos. En cambio, remarc\u00f3 el dinero que se ha destinado para modernizar y dar mantenimiento al STC Metro: \u201cEst\u00e1 recibiendo presupuesto hist\u00f3rico. Estamos desarrollando obras trascendentales para el metro:\u00a0<i>Metro Energ\u00eda<\/i>, un nuevo centro de comando y control, la modernizaci\u00f3n de la L\u00ednea 1, que ser\u00e1 completamente nueva con 29 trenes, y la extensi\u00f3n de la L\u00ednea 12\u2033.<\/p>\n<\/div>\n<\/div>\n<\/div>\n<\/div>\n<\/div>\n<\/div>\n","protected":false},"excerpt":{"rendered":"<p>La jefa de gobierno de la Ciudad de M\u00e9xico compareci\u00f3 ante los legisladores locales tras su cuarto a\u00f1o de administraci\u00f3n A trav\u00e9s de un resumen te contamos el minuto a minuto del Cuarto Informe de Gobierno de la jefa de gobierno de la Ciudad de M\u00e9xico,\u00a0Claudia Sheinbaum\u00a0ante el pleno del Congreso local. En un ambiente [&hellip;]<\/p>\n","protected":false},"author":1,"featured_media":9266,"comment_status":"open","ping_status":"closed","sticky":false,"template":"","format":"standard","meta":{"footnotes":""},"categories":[7,9],"tags":[],"class_list":["post-9264","post","type-post","status-publish","format-standard","has-post-thumbnail","hentry","category-nacional","category-politica"],"_links":{"self":[{"href":"https:\/\/red360digital.com\/index.php?rest_route=\/wp\/v2\/posts\/9264","targetHints":{"allow":["GET"]}}],"collection":[{"href":"https:\/\/red360digital.com\/index.php?rest_route=\/wp\/v2\/posts"}],"about":[{"href":"https:\/\/red360digital.com\/index.php?rest_route=\/wp\/v2\/types\/post"}],"author":[{"embeddable":true,"href":"https:\/\/red360digital.com\/index.php?rest_route=\/wp\/v2\/users\/1"}],"replies":[{"embeddable":true,"href":"https:\/\/red360digital.com\/index.php?rest_route=%2Fwp%2Fv2%2Fcomments&post=9264"}],"version-history":[{"count":0,"href":"https:\/\/red360digital.com\/index.php?rest_route=\/wp\/v2\/posts\/9264\/revisions"}],"wp:featuredmedia":[{"embeddable":true,"href":"https:\/\/red360digital.com\/index.php?rest_route=\/wp\/v2\/media\/9266"}],"wp:attachment":[{"href":"https:\/\/red360digital.com\/index.php?rest_route=%2Fwp%2Fv2%2Fmedia&parent=9264"}],"wp:term":[{"taxonomy":"category","embeddable":true,"href":"https:\/\/red360digital.com\/index.php?rest_route=%2Fwp%2Fv2%2Fcategories&post=9264"},{"taxonomy":"post_tag","embeddable":true,"href":"https:\/\/red360digital.com\/index.php?rest_route=%2Fwp%2Fv2%2Ftags&post=9264"}],"curies":[{"name":"wp","href":"https:\/\/api.w.org\/{rel}","templated":true}]}}