{"id":9291,"date":"2022-10-08T09:58:42","date_gmt":"2022-10-08T14:58:42","guid":{"rendered":"https:\/\/red360digital.com\/?p=9291"},"modified":"2022-10-08T14:58:44","modified_gmt":"2022-10-08T14:58:44","slug":"candidato-de-morena-se-decidira-por-encuesta-reitera-mario-delgado-en-informe-de-sheinbaum","status":"publish","type":"post","link":"https:\/\/red360digital.com\/?p=9291","title":{"rendered":"\u00abCandidato de Morena se decidir\u00e1 por encuesta\u00bb, reitera Mario Delgado en informe de Sheinbaum"},"content":{"rendered":"<h4 class=\"h2\" style=\"text-align: center;\">El l\u00edder morenista acudi\u00f3 al informe de la Jefa de Gobierno de la Ciudad de M\u00e9xico, Claudia Sheinbaum<\/h4>\n<div class=\"publicidadnueva dfp-contenedor-imagen\">\n<div id=\"dfp-ad-eluniversal_com_mx_responsive_top-wrapper\" class=\"dfp-tag-wrapperNew\">\n<div id=\"div-gpt-ad-8896524-8\" class=\"dfp-tag-wrapperNew\" data-google-query-id=\"CLuu5q_y0PoCFdq30QQdWdsJaw\">\n<p>El dirigente de Morena,\u00a0<strong>Mario Delgado<\/strong>, subray\u00f3 que el candidato del partido a la<strong>\u00a0Presidencia de la Rep\u00fablica<\/strong>\u00a0en\u00a0<strong>2024<\/strong>\u00a0ser\u00e1 decidido por encuesta para que la ciudadan\u00eda tenga la posibilidad de elegir.<\/p>\n<p>El l\u00edder morenista acudi\u00f3 al informe de la Jefa de Gobierno de la Ciudad de M\u00e9xico,<strong>\u00a0Claudia Sheinbaum,<\/strong>\u00a0a quien le gritaron \u00ab\u00a1Presidenta!\u00bb.<\/p>\n<p>Al ser cuestionado por medios de comunicaci\u00f3n sobre estas expresiones, Delgado Carrillo respondi\u00f3 que es una muestra de que sigue creciendo el movimiento en el pa\u00eds.<\/p>\n<p>\u00abEs normal que haya manifestaciones en favor de uno o de otra. Y ya sabemos que nuestro movimiento est\u00e1 creciendo en todo el pa\u00eds.<br \/>\nEn tanto, descart\u00f3 que est\u00e9 interesado en competir por la jefatura de Gobierno en 2024.\u00bbA m\u00ed me hizo el honor el Congreso Nacional de Morena de extenderme el plazo para la presidencia del partido. Por lo tanto, mi encargo concluir\u00e1 hasta octubre del<br \/>\n2024 y esa es la tarea en la que estamos concentrados\u00bb, manifest\u00f3.<\/p>\n<p>Al ser cuestionado sobre la orden de aprehensi\u00f3n contra el exgobernador de Tamaulipas, Francisco Garc\u00eda Cabeza de Vaca, conf\u00edo en que sea localizado pronto.<\/p>\n<div>\n<div id=\"dfp-ad-eluniversal_com_mx_responsive_box_interarticle_3-wrapper\" class=\"dfp-tag-wrapperNew\">\n<div id=\"div-gpt-ad-8896524-3\" class=\"dfp-tag-wrapperNew\" data-google-query-id=\"CMCu5q_y0PoCFdq30QQdWdsJaw\">\n<p>\u00abYo dije que, una vez que Cabeza de Vaca saliera iba a tener dos condiciones posibles: una, la de preso o pr\u00f3fugo de la justicia. Y miren, ah\u00ed est\u00e1 huyendo a salto de mata\u00bb, coment\u00f3.<\/p>\n<p>&nbsp;<\/p>\n<\/div>\n<\/div>\n<\/div>\n<\/div>\n<\/div>\n<\/div>\n","protected":false},"excerpt":{"rendered":"<p>El l\u00edder morenista acudi\u00f3 al informe de la Jefa de Gobierno de la Ciudad de M\u00e9xico, Claudia Sheinbaum El dirigente de Morena,\u00a0Mario Delgado, subray\u00f3 que el candidato del partido a la\u00a0Presidencia de la Rep\u00fablica\u00a0en\u00a02024\u00a0ser\u00e1 decidido por encuesta para que la ciudadan\u00eda tenga la posibilidad de elegir. El l\u00edder morenista acudi\u00f3 al informe de la Jefa [&hellip;]<\/p>\n","protected":false},"author":1,"featured_media":9293,"comment_status":"open","ping_status":"closed","sticky":false,"template":"","format":"standard","meta":{"footnotes":""},"categories":[7,9],"tags":[],"class_list":["post-9291","post","type-post","status-publish","format-standard","has-post-thumbnail","hentry","category-nacional","category-politica"],"_links":{"self":[{"href":"https:\/\/red360digital.com\/index.php?rest_route=\/wp\/v2\/posts\/9291","targetHints":{"allow":["GET"]}}],"collection":[{"href":"https:\/\/red360digital.com\/index.php?rest_route=\/wp\/v2\/posts"}],"about":[{"href":"https:\/\/red360digital.com\/index.php?rest_route=\/wp\/v2\/types\/post"}],"author":[{"embeddable":true,"href":"https:\/\/red360digital.com\/index.php?rest_route=\/wp\/v2\/users\/1"}],"replies":[{"embeddable":true,"href":"https:\/\/red360digital.com\/index.php?rest_route=%2Fwp%2Fv2%2Fcomments&post=9291"}],"version-history":[{"count":0,"href":"https:\/\/red360digital.com\/index.php?rest_route=\/wp\/v2\/posts\/9291\/revisions"}],"wp:featuredmedia":[{"embeddable":true,"href":"https:\/\/red360digital.com\/index.php?rest_route=\/wp\/v2\/media\/9293"}],"wp:attachment":[{"href":"https:\/\/red360digital.com\/index.php?rest_route=%2Fwp%2Fv2%2Fmedia&parent=9291"}],"wp:term":[{"taxonomy":"category","embeddable":true,"href":"https:\/\/red360digital.com\/index.php?rest_route=%2Fwp%2Fv2%2Fcategories&post=9291"},{"taxonomy":"post_tag","embeddable":true,"href":"https:\/\/red360digital.com\/index.php?rest_route=%2Fwp%2Fv2%2Ftags&post=9291"}],"curies":[{"name":"wp","href":"https:\/\/api.w.org\/{rel}","templated":true}]}}