{"id":9354,"date":"2022-10-11T15:33:03","date_gmt":"2022-10-11T20:33:03","guid":{"rendered":"https:\/\/red360digital.com\/?p=9354"},"modified":"2022-10-11T20:33:16","modified_gmt":"2022-10-11T20:33:16","slug":"el-12-de-octubre-es-un-dia-de-descanso-obligatorio-en-mexico","status":"publish","type":"post","link":"https:\/\/red360digital.com\/?p=9354","title":{"rendered":"\u00bfEl 12 de octubre es un d\u00eda de descanso obligatorio en M\u00e9xico?"},"content":{"rendered":"<div class=\"ue-l-article__header\">\n<div class=\"ue-l-article__main-column\">\n<div class=\"ue-c-article__header \">\n<div class=\"ue-l-article__header-content ue-l-article--expand-right-full-from-tablet ue-l-article--expand-right-half-from-desktop\">\n<h4 class=\"ue-c-article__standfirst\" style=\"text-align: center;\">Una fecha que no pasa desapercibida en el pa\u00eds, pero que no es una festividad oficial<\/h4>\n<p class=\"ue-c-article--first-letter-highlighted\"><span class=\"capital-letter\">N<\/span>os encontramos m\u00e1s all\u00e1 de la segunda mitad del 2022, lo que significa que\u00a0<strong>estamos en la temporada del a\u00f1o en el que m\u00e1s d\u00edas de descanso obligatorio se otorgan<\/strong>\u00a0a las personas, sin embargo, hay\u00a0<strong>algunos d\u00edas que suelen generar confusi\u00f3n entre la gente, sobre si en esos d\u00edas se da descanso obligatorio<\/strong>\u00a0o no.<\/p>\n<p><strong>Tal es el caso del 12 de octubre y a continuaci\u00f3n, te traemos todos los detalles sobre qu\u00e9 se conmemora en ese d\u00eda<\/strong>\u00a0y te decimos si es considerado como d\u00eda de descanso oficial&#8230; o no.<\/p>\n<h2 class=\"ue-c-article__subheadline\">\u00bfQu\u00e9 se conmemora el 12 de octubre?<\/h2>\n<p><strong>El 12 de octubre de cada a\u00f1o, se conmemora el D\u00eda de la Raza,<\/strong>\u00a0tambi\u00e9n conocido como el\u00a0<strong>D\u00eda de la Resistencia Ind\u00edgena.<\/strong>\u00a0Esta fecha tiene como objetivo\u00a0<strong>rendir homenaje a todas las personas nativas de M\u00e9xico que se opusieron en lucha ante la brutal colonizaci\u00f3n de los espa\u00f1oles.<\/strong><\/p>\n<p>Como dato extra,\u00a0<strong>esta es una celebraci\u00f3n que no solo se conmemora en nuestro pa\u00eds,<\/strong>\u00a0ya que,\u00a0<strong>varios pa\u00edses del continente americano recuerdan este suceso.<\/strong>\u00a0En Espa\u00f1a tambi\u00e9n conmemoran esta fecha, la cual s\u00ed es una fiesta nacional, por la extensi\u00f3n de su cultura, pol\u00edtica y visi\u00f3n m\u00e1s all\u00e1 de Europa. Tambi\u00e9n es conocido como\u00a0<strong>D\u00eda de la Hispanidad.<\/strong><\/p>\n<h2 class=\"ue-c-article__subheadline\">\u00bfHay clases el 12 de octubre?<\/h2>\n<p>A pesar de que el 12 de octubre es un d\u00eda conmemorativo, no significa que est\u00e9 catalogado dentro de los d\u00edas festivos con descanso obligatorio, por lo tanto la\u00a0<strong>Ley Federal del Trabajo<\/strong>\u00a0ni la\u00a0<strong>Secretar\u00eda de Educaci\u00f3n P\u00fablica,<\/strong>\u00a0consideran este d\u00eda de asueto, as\u00ed que\u00a0<strong>todos los estudiantes y trabajadores de M\u00e9xico, tendr\u00e1n actividades de manera regular ese d\u00eda.<\/strong><\/p>\n<h2 class=\"ue-c-article__subheadline\">\u00bfQui\u00e9nes descansan el 12 de octubre?<\/h2>\n<p>Como se mencion\u00f3 anteriormente,\u00a0<strong>el D\u00eda de la Raza es una conmemoraci\u00f3n pero no un d\u00eda festivo,<\/strong>\u00a0por lo que todas las personas, ya sean estudiantes o trabajadores, deber\u00e1n de cumplir con sus actividades de manera regular, ya que\u00a0<strong>el 12 de octubre no es asueto.<\/strong><\/p>\n<h2 class=\"ue-c-article__subheadline\">\u00bfCu\u00e1les son los d\u00edas de descanso obligatorio en M\u00e9xico?<\/h2>\n<p>Los d\u00edas de descanso obligatorio, se encuentran se\u00f1alados en\u00a0<strong>el art\u00edculo n\u00famero 74 de La Ley Federal del Trabajo<\/strong> y son los siguientes:<\/p>\n<div class=\"ue-c-article__card ue-c-article__card--light\">\n<div class=\"ue-c-article__card-body\">\n<ul class=\"ue-c-article__list ue-c-article__list--unordered\">\n<li>1 de enero, A\u00f1o Nuevo<\/li>\n<li>El primer lunes del mes de febrero, en conmemoraci\u00f3n del 5 de febrero (D\u00eda de la Constituci\u00f3n mexicana)<\/li>\n<li>El tercer lunes de marzo, en conmemoraci\u00f3n al 21 de marzo (natalicio de Benito Ju\u00e1rez)<\/li>\n<li>1 de mayo, d\u00eda del trabajo<\/li>\n<li>16 de septiembre, Independencia de M\u00e9xico<\/li>\n<li>Tercer lunes de noviembre, en conmemoraci\u00f3n al 20 de noviembre (Revoluci\u00f3n Mexicana)<\/li>\n<li>25 de diciembre, Navidad<\/li>\n<\/ul>\n<\/div>\n<\/div>\n<\/div>\n<\/div>\n<\/div>\n<\/div>\n","protected":false},"excerpt":{"rendered":"<p>Una fecha que no pasa desapercibida en el pa\u00eds, pero que no es una festividad oficial Nos encontramos m\u00e1s all\u00e1 de la segunda mitad del 2022, lo que significa que\u00a0estamos en la temporada del a\u00f1o en el que m\u00e1s d\u00edas de descanso obligatorio se otorgan\u00a0a las personas, sin embargo, hay\u00a0algunos d\u00edas que suelen generar confusi\u00f3n [&hellip;]<\/p>\n","protected":false},"author":1,"featured_media":9356,"comment_status":"open","ping_status":"closed","sticky":false,"template":"","format":"standard","meta":{"footnotes":""},"categories":[2,7,9],"tags":[],"class_list":["post-9354","post","type-post","status-publish","format-standard","has-post-thumbnail","hentry","category-cultural","category-nacional","category-politica"],"_links":{"self":[{"href":"https:\/\/red360digital.com\/index.php?rest_route=\/wp\/v2\/posts\/9354","targetHints":{"allow":["GET"]}}],"collection":[{"href":"https:\/\/red360digital.com\/index.php?rest_route=\/wp\/v2\/posts"}],"about":[{"href":"https:\/\/red360digital.com\/index.php?rest_route=\/wp\/v2\/types\/post"}],"author":[{"embeddable":true,"href":"https:\/\/red360digital.com\/index.php?rest_route=\/wp\/v2\/users\/1"}],"replies":[{"embeddable":true,"href":"https:\/\/red360digital.com\/index.php?rest_route=%2Fwp%2Fv2%2Fcomments&post=9354"}],"version-history":[{"count":0,"href":"https:\/\/red360digital.com\/index.php?rest_route=\/wp\/v2\/posts\/9354\/revisions"}],"wp:featuredmedia":[{"embeddable":true,"href":"https:\/\/red360digital.com\/index.php?rest_route=\/wp\/v2\/media\/9356"}],"wp:attachment":[{"href":"https:\/\/red360digital.com\/index.php?rest_route=%2Fwp%2Fv2%2Fmedia&parent=9354"}],"wp:term":[{"taxonomy":"category","embeddable":true,"href":"https:\/\/red360digital.com\/index.php?rest_route=%2Fwp%2Fv2%2Fcategories&post=9354"},{"taxonomy":"post_tag","embeddable":true,"href":"https:\/\/red360digital.com\/index.php?rest_route=%2Fwp%2Fv2%2Ftags&post=9354"}],"curies":[{"name":"wp","href":"https:\/\/api.w.org\/{rel}","templated":true}]}}