{"id":9399,"date":"2022-10-13T16:56:24","date_gmt":"2022-10-13T21:56:24","guid":{"rendered":"https:\/\/red360digital.com\/?p=9399"},"modified":"2022-10-13T21:56:35","modified_gmt":"2022-10-13T21:56:35","slug":"mexico-sostiene-dialogo-con-ee-uu-sobre-trafico-de-armas","status":"publish","type":"post","link":"https:\/\/red360digital.com\/?p=9399","title":{"rendered":"M\u00e9xico sostiene di\u00e1logo con EE.UU. sobre tr\u00e1fico de armas"},"content":{"rendered":"<p>El Secretario de Relaciones Exteriores mexicano se\u00f1al\u00f3 que reducir tr\u00e1fico de armas la prioridad para el plan de acci\u00f3n.<\/p>\n<div class=\"txt_newworld\">\n<p>El canciller mexicano, Marcelo Ebrard, se re\u00fane este jueves en Washington DC con el secretario de Estado norteamericano, Antony Blinken, para fundamentalmente la lucha contra las organizaciones criminales.<\/p>\n<p>El Secretario de Relaciones Exteriores de M\u00e9xico public\u00f3 en su cuenta de Twitter que \u201cen un lluvioso Washington DC listo para reuni\u00f3n del Entendimiento Bicentenario M\u00e9xico-Estados Unidos\u201d.<\/p>\n<p>En este sentido, el alto diplom\u00e1tico a\u00f1adi\u00f3 que \u201creducir tr\u00e1fico de armas la prioridad para el plan de acci\u00f3n 2022-23. El entendimiento funciona para nuestro pa\u00eds: menos armas es igual a menos violencia\u201d.<\/p>\n<p>Previamente, el portavoz del Departamento de Estado, Ned Price, comunic\u00f3 que el canciller mexicano viaj\u00f3 junto a la secretaria de Seguridad, Rosa Icela Rodr\u00edguez, para continuar el Di\u00e1logo de Alto Nivel (DEAN).<\/p>\n<p>De igual forma, Ebrard sostendr\u00e1 un encuentro con el fiscal general de EE.UU., Merrick Garland, el secretario de Seguridad Nacional, Alejandro Mayorkas, entre otros funcionarios norteamericanos.<\/p>\n<p>A su vez, participan en el di\u00e1logo de alto nivel los secretarios de la Defensa, Luis Cresencio Sandoval; de la Marina, Jos\u00e9 Rafael Ojeda Dur\u00e1n; el comandante de la Guardia Nacional, Luis Rodr\u00edguez Bucio, y el fiscal general, Alejandro Gertz Manero.<\/p>\n<p>El gobierno encabezado por el presidente Andr\u00e9s Manuel L\u00f3pez Obrador present\u00f3 este lunes su segunda demanda en Estados Unidos contra distribuidores y traficantes de armas por vender armas vinculadas a delitos graves cometidos en territorio mexicano.<\/p>\n<\/div>\n","protected":false},"excerpt":{"rendered":"<p>El Secretario de Relaciones Exteriores mexicano se\u00f1al\u00f3 que reducir tr\u00e1fico de armas la prioridad para el plan de acci\u00f3n. El canciller mexicano, Marcelo Ebrard, se re\u00fane este jueves en Washington DC con el secretario de Estado norteamericano, Antony Blinken, para fundamentalmente la lucha contra las organizaciones criminales. El Secretario de Relaciones Exteriores de M\u00e9xico public\u00f3 [&hellip;]<\/p>\n","protected":false},"author":1,"featured_media":9401,"comment_status":"open","ping_status":"closed","sticky":false,"template":"","format":"standard","meta":{"footnotes":""},"categories":[5,7,9],"tags":[],"class_list":["post-9399","post","type-post","status-publish","format-standard","has-post-thumbnail","hentry","category-internacional","category-nacional","category-politica"],"_links":{"self":[{"href":"https:\/\/red360digital.com\/index.php?rest_route=\/wp\/v2\/posts\/9399","targetHints":{"allow":["GET"]}}],"collection":[{"href":"https:\/\/red360digital.com\/index.php?rest_route=\/wp\/v2\/posts"}],"about":[{"href":"https:\/\/red360digital.com\/index.php?rest_route=\/wp\/v2\/types\/post"}],"author":[{"embeddable":true,"href":"https:\/\/red360digital.com\/index.php?rest_route=\/wp\/v2\/users\/1"}],"replies":[{"embeddable":true,"href":"https:\/\/red360digital.com\/index.php?rest_route=%2Fwp%2Fv2%2Fcomments&post=9399"}],"version-history":[{"count":0,"href":"https:\/\/red360digital.com\/index.php?rest_route=\/wp\/v2\/posts\/9399\/revisions"}],"wp:featuredmedia":[{"embeddable":true,"href":"https:\/\/red360digital.com\/index.php?rest_route=\/wp\/v2\/media\/9401"}],"wp:attachment":[{"href":"https:\/\/red360digital.com\/index.php?rest_route=%2Fwp%2Fv2%2Fmedia&parent=9399"}],"wp:term":[{"taxonomy":"category","embeddable":true,"href":"https:\/\/red360digital.com\/index.php?rest_route=%2Fwp%2Fv2%2Fcategories&post=9399"},{"taxonomy":"post_tag","embeddable":true,"href":"https:\/\/red360digital.com\/index.php?rest_route=%2Fwp%2Fv2%2Ftags&post=9399"}],"curies":[{"name":"wp","href":"https:\/\/api.w.org\/{rel}","templated":true}]}}