{"id":9555,"date":"2022-10-19T16:05:35","date_gmt":"2022-10-19T21:05:35","guid":{"rendered":"https:\/\/red360digital.com\/?p=9555"},"modified":"2022-10-19T21:05:48","modified_gmt":"2022-10-19T21:05:48","slug":"juan-carlos-osorio-afirma-que-qatar-2022-debe-ser-para-mexico-el-de-la-consolidacion","status":"publish","type":"post","link":"https:\/\/red360digital.com\/?p=9555","title":{"rendered":"Juan Carlos Osorio afirma que Qatar 2022 debe ser para M\u00e9xico el de la consolidaci\u00f3n"},"content":{"rendered":"<h2>El ext\u00e9cnico de la Selecci\u00f3n, Juan Carlos Osorio, espera que M\u00e9xico d\u00e9 el paso de calidad para la Copa del Mundo Qatar 2022<\/h2>\n<p>El ext\u00e9cnico de la <strong>Selecci\u00f3n de M\u00e9xico<\/strong>,\u00a0<strong>Juan Carlos Osorio<\/strong>, se\u00f1al\u00f3 que el Tri debe dar el paso de calidad en la\u00a0<strong>Copa Mundial Qatar 2022<\/strong>, esto despu\u00e9s de se\u00f1alar que varios de los jugadores representativos estuvieron en\u00a0<strong>Rusia 2018<\/strong>.<\/p>\n<p>\u201cEl caso tal vez m\u00e1s fehaciente es el de Hirving. Antes del partido contra Chile se gana 1-0, 11 d\u00edas antes, y digo que es hoy el momento de dar el paso de calidad y dejo a Ra\u00fal Jim\u00e9nez en el banco y a mitad de partido y con la derrota, la gran cr\u00edtica fue haber metido a Hirving de titular y tres a\u00f1os m\u00e1s tarde, el gol contra Alemania es de Hirving y ahora es el jugador m\u00e1s representativo\u201d, dijo.<\/p>\n<p><strong>Juan Carlos Osorio<\/strong>\u00a0se\u00f1al\u00f3 que varios de los seleccionados mexicanos juegan en las posiciones que \u00e9l les fue inculcando con la\u00a0<strong>Selecci\u00f3n Mexicana<\/strong>, tales como\u00a0<strong>Edson \u00c1lvarez<\/strong>\u00a0y\u00a0<strong>Jes\u00fas Gallardo<\/strong>.<\/p>\n<p>\u201cJes\u00fas Gallardo era extremo en\u00a0<strong>Pumas\u00a0<\/strong>y vimos sus condiciones para marcar y cabecear y ahora es lateral. N\u00e9stor era un jugador m\u00e1s o menos y se lesion\u00f3. Salcedo quer\u00edamos hacerlo m\u00e1s marcador y as\u00ed lo hicimos. Yo no lo veo como fracaso de Rusia. Ahora es para dar el paso de calidad en este mundial\u201d, coment\u00f3.<\/p>\n<p><strong>Osorio<\/strong>\u00a0mencion\u00f3 las diferencias que tuvo con la directiva del<strong>\u00a0Am\u00e9rica<\/strong>\u00a0por utilizar a\u00a0<strong>Edson<\/strong>\u00a0como contenci\u00f3n y no como defensa central.<\/p>\n<p>\u201cSiempre respet\u00e9 los cuestionamientos con\u00a0<strong>Edson \u00c1lvarez<\/strong>\u00a0y con\u00a0<strong>Am\u00e9rica<\/strong>\u00a0tom\u00e9 la decisi\u00f3n de ponerle como medio centro y no como central y entend\u00ed los argumentos de ellos, pero yo ten\u00eda la experiencia de Stefan Medina, sucedi\u00f3 algo parecido con \u00e9l en Nacional de Colombia, donde lo dirig\u00ed\u201d, expres\u00f3.<\/p>\n<p>\u201cVeamos la lista, N\u00e9stor Araujo estuvo con nosotros, pero tambi\u00e9n estuvieron en ese proceso C\u00e9sar Montes, Ra\u00fal Jim\u00e9nez, Uriel Antuna y Alexis Vega estuvo, pero en Toluca se lesion\u00f3\u201d, coment\u00f3 el estratega colombiano.<\/p>\n<p>Ante esto, mencion\u00f3 que \u201cpor el bien del futbol mexicano ojal\u00e1 que M\u00e9xico pase de segunda ronda\u201d.<\/p>\n<aside class=\"inline inline-photo full\">\n<figure><picture><source srcset=\"https:\/\/a2.espncdn.com\/combiner\/i?img=%2Fphoto%2F2022%2F1019%2Fr1077889_1131x636_16%2D9.jpg&amp;w=570&amp;format=jpg, https:\/\/a2.espncdn.com\/combiner\/i?img=%2Fphoto%2F2022%2F1019%2Fr1077889_1131x636_16%2D9.jpg&amp;w=1140&amp;cquality=40&amp;format=jpg 2x\" media=\"(min-width: 376px)\" data-srcset=\"https:\/\/a2.espncdn.com\/combiner\/i?img=%2Fphoto%2F2022%2F1019%2Fr1077889_1131x636_16%2D9.jpg&amp;w=570&amp;format=jpg, https:\/\/a2.espncdn.com\/combiner\/i?img=%2Fphoto%2F2022%2F1019%2Fr1077889_1131x636_16%2D9.jpg&amp;w=1140&amp;cquality=40&amp;format=jpg 2x\" \/><source srcset=\"https:\/\/a2.espncdn.com\/combiner\/i?img=%2Fphoto%2F2022%2F1019%2Fr1077889_1131x636_16%2D9.jpg&amp;w=375, https:\/\/a2.espncdn.com\/combiner\/i?img=%2Fphoto%2F2022%2F1019%2Fr1077889_1131x636_16%2D9.jpg&amp;w=750&amp;cquality=40&amp;format=jpg 2x\" media=\"(max-width: 375px)\" data-srcset=\"https:\/\/a2.espncdn.com\/combiner\/i?img=%2Fphoto%2F2022%2F1019%2Fr1077889_1131x636_16%2D9.jpg&amp;w=375, https:\/\/a2.espncdn.com\/combiner\/i?img=%2Fphoto%2F2022%2F1019%2Fr1077889_1131x636_16%2D9.jpg&amp;w=750&amp;cquality=40&amp;format=jpg 2x\" \/><\/picture><\/figure>\n<\/aside>\n","protected":false},"excerpt":{"rendered":"<p>El ext\u00e9cnico de la Selecci\u00f3n, Juan Carlos Osorio, espera que M\u00e9xico d\u00e9 el paso de calidad para la Copa del Mundo Qatar 2022 El ext\u00e9cnico de la Selecci\u00f3n de M\u00e9xico,\u00a0Juan Carlos Osorio, se\u00f1al\u00f3 que el Tri debe dar el paso de calidad en la\u00a0Copa Mundial Qatar 2022, esto despu\u00e9s de se\u00f1alar que varios de los [&hellip;]<\/p>\n","protected":false},"author":1,"featured_media":9557,"comment_status":"open","ping_status":"closed","sticky":false,"template":"","format":"standard","meta":{"footnotes":""},"categories":[5,7,9],"tags":[],"class_list":["post-9555","post","type-post","status-publish","format-standard","has-post-thumbnail","hentry","category-internacional","category-nacional","category-politica"],"_links":{"self":[{"href":"https:\/\/red360digital.com\/index.php?rest_route=\/wp\/v2\/posts\/9555","targetHints":{"allow":["GET"]}}],"collection":[{"href":"https:\/\/red360digital.com\/index.php?rest_route=\/wp\/v2\/posts"}],"about":[{"href":"https:\/\/red360digital.com\/index.php?rest_route=\/wp\/v2\/types\/post"}],"author":[{"embeddable":true,"href":"https:\/\/red360digital.com\/index.php?rest_route=\/wp\/v2\/users\/1"}],"replies":[{"embeddable":true,"href":"https:\/\/red360digital.com\/index.php?rest_route=%2Fwp%2Fv2%2Fcomments&post=9555"}],"version-history":[{"count":0,"href":"https:\/\/red360digital.com\/index.php?rest_route=\/wp\/v2\/posts\/9555\/revisions"}],"wp:featuredmedia":[{"embeddable":true,"href":"https:\/\/red360digital.com\/index.php?rest_route=\/wp\/v2\/media\/9557"}],"wp:attachment":[{"href":"https:\/\/red360digital.com\/index.php?rest_route=%2Fwp%2Fv2%2Fmedia&parent=9555"}],"wp:term":[{"taxonomy":"category","embeddable":true,"href":"https:\/\/red360digital.com\/index.php?rest_route=%2Fwp%2Fv2%2Fcategories&post=9555"},{"taxonomy":"post_tag","embeddable":true,"href":"https:\/\/red360digital.com\/index.php?rest_route=%2Fwp%2Fv2%2Ftags&post=9555"}],"curies":[{"name":"wp","href":"https:\/\/api.w.org\/{rel}","templated":true}]}}