{"id":9773,"date":"2022-10-28T18:35:15","date_gmt":"2022-10-28T23:35:15","guid":{"rendered":"https:\/\/red360digital.com\/?p=9773"},"modified":"2022-10-28T23:35:24","modified_gmt":"2022-10-28T23:35:24","slug":"cual-fue-la-primera-universidad-que-existio-en-mexico","status":"publish","type":"post","link":"https:\/\/red360digital.com\/?p=9773","title":{"rendered":"Cu\u00e1l fue la primera universidad que existi\u00f3 en M\u00e9xico"},"content":{"rendered":"<h4 class=\"article-subheadline\" style=\"text-align: center;\">Fue en 1553, unos a\u00f1os antes de que se consolidara la Conquista de M\u00e9xico, que se fund\u00f3 la primera universidad que existi\u00f3 en M\u00e9xico<\/h4>\n<div class=\"byline\">\n<div class=\"byline-text-wrapper\">\n<p class=\"paragraph\">La capital de la Rep\u00fablica Mexicana destaca por ser\u00a0<b>una de las sedes del desarrollo industrial, cultural y social,\u00a0<\/b>pero tambi\u00e9n por ser uno de los centros de educaci\u00f3n m\u00e1s significativos del pa\u00eds. De acuerdo con la revista\u00a0<i><b>Arqueolog\u00eda Mexicana<\/b><\/i><b>\u00a0del Instituto Nacional de Antropolog\u00eda e Historia (INAH)<\/b>\u00a0fue el 25 de enero del a\u00f1o 1553 cuando la Ciudad de M\u00e9xico vio llegar a la\u00a0<b>Real y Pontificia Universidad de M\u00e9xico<\/b>, el primer colegio universitario del territorio.<\/p>\n<p class=\"paragraph\">Aunque en estricto sentido ya no existe esta instituci\u00f3n, la historia mexicana afirma que con el tiempo, esta escuela se convirti\u00f3 en la\u00a0<b>Universidad Nacional Aut\u00f3noma de M\u00e9xico\u00a0<\/b>(UNAM). Por elo, se podr\u00eda decir\u00a0<b><\/b>que<b>\u00a0<\/b>en la actualidad,\u00a0<b>la UNAM figura como la universidad m\u00e1s antigua de la CDMX.<\/b><\/p>\n<p class=\"paragraph\">Cabe destacar que la Real y Pontificia Universidad de M\u00e9xico tambi\u00e9n figura como<b>\u00a0una de las primeras instituciones del continente, junto<\/b>\u00a0con la Universidad de Santo Domingo y la de Lima en Per\u00fa. La planeaci\u00f3n de esta obra data de la \u00e9poca colonial, cuando\u00a0<b>Luis de Velasco, segundo virrey de la Nueva Espa\u00f1a<\/b>, inaugur\u00f3 la sede con el permiso del pr\u00edncipe Felipe II.<\/p>\n<p class=\"paragraph\">Al principio, el tipo de educaci\u00f3n que se imparti\u00f3 se bas\u00f3 en los modelos implementados en la\u00a0<b>Europa medieval<\/b>. Por tal motivo,\u00a0<b>las carreras que figuraron fueron: teolog\u00eda, medicina, gram\u00e1tica, filosof\u00eda y leyes.<\/b>\u00a0Desde Espa\u00f1a llegaron frailes destacados para comenzar a impartir c\u00e1tedras eclesi\u00e1sticas, los principales personajes que figuraron en este per\u00edodo fueron fray Alonso de la Veracruz, Juan Negrete y Francisco Cervantes de Salazar.<\/p>\n<p class=\"paragraph\">Aunque fue un gran logro abrir esta escuela, las \u00fanicas personas que ten\u00edan acceso a este espacio educativo eran las de clase alta, pues uno de los requisitos para ingresar a una carrera era pertenecer al clero o ser miembro de la corte. La revista del INAH se\u00f1ala que con el tiempo\u00a0<b>\u201cla universidad se estructur\u00f3 bajo el modelo de la de Salamanca, la m\u00e1s grande y prestigiosa de su tiempo\u201d<\/b>.<\/p>\n<p class=\"paragraph\">Debido al inter\u00e9s de formar m\u00e1s profesionistas, en 1778 se decidi\u00f3 abrir la Real Escuela de Cirug\u00eda y en 1792 el Real Colegio de Miner\u00eda. Asimismo, dos a\u00f1os despu\u00e9s se construy\u00f3 la\u00a0<b>Academia de San Carlos para el estudio de las Bellas Artes.\u00a0<\/b>M\u00e1s tarde, despu\u00e9s de que se declar\u00f3 la independencia oficial del territorio en 1821, la instituci\u00f3n tuvo que cerrar sus puertas.<\/p>\n<p class=\"paragraph\">Por otro lado, durante la \u00e9poca del\u00a0<b>Segundo Imperio mexicano, Maximiliano de Habsburgo<\/b>\u00a0orden\u00f3 su reapertura, sin embargo, no dur\u00f3 mucho tiempo abierta porque con\u00a0<b>el triunfo del gobierno de Benito Ju\u00e1rez<\/b>\u00a0se acord\u00f3 cerrar definitivamente la instituci\u00f3n ya que fue considerada como un s\u00edmbolo de \u201cretroceso a la conquista\u201d.<\/p>\n<p class=\"paragraph\">Por esta decisi\u00f3n se hizo necesario construir nuevos centros de aprendizaje y en 1867 el doctor\u00a0<b>Gabino Barreda fund\u00f3 la Escuela Nacional Preparatoria.<\/b>\u00a0Seg\u00fan un art\u00edculo de la UNAM, \u201cel plan de estudios estaba completamente inspirado en el pensamiento del\u00a0<b>fil\u00f3sofo franc\u00e9s Augusto Comte<\/b>\u201d. Este hecho marc\u00f3 el fin de la educaci\u00f3n colonial que hab\u00edan sobrevivido hasta el siglo XIX.<\/p>\n<p class=\"paragraph\">Fue hasta 1910, gracias al pol\u00edtico e historiador Justo Sierra, que se le dio continuidad al proyecto universitario de la Real y Pontificia y en su lugar\u00a0<b>se fund\u00f3 la Universidad Nacional de M\u00e9xico,<\/b>\u00a0a la cual se unieron las Escuelas Nacionales. La investigadora Renate Marsiske comenta que con el tiempo, la educaci\u00f3n se hizo m\u00e1s asequible para la ciudadan\u00eda (espec\u00edficamente para los hombres).<\/p>\n<p class=\"paragraph\">Posteriormente, desde 1929 comenzaron a hacerse las gestiones para dar autonom\u00eda a la Universidad, no obstante, hasta 1933 la escuela logra deslindarse del Estado, situaci\u00f3n que provoc\u00f3 conflictos en las relaciones de estos dos. Sin embargo,\u00a0<b>en 1945 se limaron las asperezas y finalmente fue reconocida de forma oficial como Universidad Nacional Aut\u00f3noma de M\u00e9xico.<\/b><\/p>\n<\/div>\n<\/div>\n","protected":false},"excerpt":{"rendered":"<p>Fue en 1553, unos a\u00f1os antes de que se consolidara la Conquista de M\u00e9xico, que se fund\u00f3 la primera universidad que existi\u00f3 en M\u00e9xico La capital de la Rep\u00fablica Mexicana destaca por ser\u00a0una de las sedes del desarrollo industrial, cultural y social,\u00a0pero tambi\u00e9n por ser uno de los centros de educaci\u00f3n m\u00e1s significativos del pa\u00eds. [&hellip;]<\/p>\n","protected":false},"author":1,"featured_media":9775,"comment_status":"open","ping_status":"closed","sticky":false,"template":"","format":"standard","meta":{"footnotes":""},"categories":[2,7],"tags":[],"class_list":["post-9773","post","type-post","status-publish","format-standard","has-post-thumbnail","hentry","category-cultural","category-nacional"],"_links":{"self":[{"href":"https:\/\/red360digital.com\/index.php?rest_route=\/wp\/v2\/posts\/9773","targetHints":{"allow":["GET"]}}],"collection":[{"href":"https:\/\/red360digital.com\/index.php?rest_route=\/wp\/v2\/posts"}],"about":[{"href":"https:\/\/red360digital.com\/index.php?rest_route=\/wp\/v2\/types\/post"}],"author":[{"embeddable":true,"href":"https:\/\/red360digital.com\/index.php?rest_route=\/wp\/v2\/users\/1"}],"replies":[{"embeddable":true,"href":"https:\/\/red360digital.com\/index.php?rest_route=%2Fwp%2Fv2%2Fcomments&post=9773"}],"version-history":[{"count":0,"href":"https:\/\/red360digital.com\/index.php?rest_route=\/wp\/v2\/posts\/9773\/revisions"}],"wp:featuredmedia":[{"embeddable":true,"href":"https:\/\/red360digital.com\/index.php?rest_route=\/wp\/v2\/media\/9775"}],"wp:attachment":[{"href":"https:\/\/red360digital.com\/index.php?rest_route=%2Fwp%2Fv2%2Fmedia&parent=9773"}],"wp:term":[{"taxonomy":"category","embeddable":true,"href":"https:\/\/red360digital.com\/index.php?rest_route=%2Fwp%2Fv2%2Fcategories&post=9773"},{"taxonomy":"post_tag","embeddable":true,"href":"https:\/\/red360digital.com\/index.php?rest_route=%2Fwp%2Fv2%2Ftags&post=9773"}],"curies":[{"name":"wp","href":"https:\/\/api.w.org\/{rel}","templated":true}]}}