{"id":9826,"date":"2022-10-31T15:56:38","date_gmt":"2022-10-31T20:56:38","guid":{"rendered":"https:\/\/red360digital.com\/?p=9826"},"modified":"2022-10-31T20:56:52","modified_gmt":"2022-10-31T20:56:52","slug":"centroamerica-y-mexico-en-alerta-ante-paso-de-tormenta-tropical","status":"publish","type":"post","link":"https:\/\/red360digital.com\/?p=9826","title":{"rendered":"Centroam\u00e9rica y M\u00e9xico en alerta ante paso de tormenta tropical"},"content":{"rendered":"<div class=\"subtitle\">\n<p>En El Salvador, las autoridades estiman que Lisa podr\u00eda convertirse en hurac\u00e1n este mi\u00e9rcoles a su paso por Honduras.<\/p>\n<\/div>\n<div class=\"txt_newworld\">\n<p>La zona norte de Centroam\u00e9rica y el sur de la Pen\u00ednsula de Yucat\u00e1n, M\u00e9xico se encuentra en estado de alarma, luego que un sistema de baja presi\u00f3n se convirtiera en la tormenta tropical Lisa, anunciaron autoridades locales.<\/p>\n<p>En El Salvador, las autoridades estiman que Lisa podr\u00eda convertirse en hurac\u00e1n este mi\u00e9rcoles a su paso por Honduras.<\/p>\n<p>El Servicio Meteorol\u00f3gico Nacional inform\u00f3 que las probabilidades de que Lisa pase a ser un cicl\u00f3n tropical lleg\u00f3 al 70% y ahora se encuentra en el mar Caribe, a su paso provoca lluvias fuertes y tormentas el\u00e9ctricas.<\/p>\n<p>De acuerdo con el Centro Nacional de Huracanes (CNH) de Estados Unidos, el cicl\u00f3n tropical 15 se localiza actualmente en latitud 15.8 norte, 74.1 oeste, aproximadamente a 370 kil\u00f3metros al sureste de Kingston, Jamaica.<\/p>\n<p>El mismo registraba vientos m\u00e1ximos de 65 km\/h y una presi\u00f3n m\u00ednima central de 1005 hectopascales. Se mueve al oeste-noroeste a 17 km\/h.<\/p>\n<p>De acuerdo con el pron\u00f3stico de la Comisi\u00f3n Nacional de del Agua (Conagua) de M\u00e9xico, Lisa podr\u00eda convertirse en hurac\u00e1n categor\u00eda 1 el mi\u00e9rcoles 2 de noviembre ante las costas de Quintana Roo y Guatemala, para despu\u00e9s degradarse en su avance sobre Chiapas.<\/p>\n<p>En Guatemala, autoridades del Insivumeh y de la Conred, en conferencia de prensa, explicaron que se esperan lluvias a nivel nacional y con mayores acumulados en las regiones del Norte y el Caribe.<\/p>\n<p>El CNC afirm\u00f3 que en la costa de Am\u00e9rica Central, especialmente en Belice y la pen\u00ednsula de Yucat\u00e1n, en M\u00e9xico, se deber\u00eda seguir el progreso de este sistema y que es probable que se requieran m\u00e1s alertas o avisos por la tormenta tropical Lisa en las pr\u00f3ximas horas.<\/p>\n<\/div>\n","protected":false},"excerpt":{"rendered":"<p>En El Salvador, las autoridades estiman que Lisa podr\u00eda convertirse en hurac\u00e1n este mi\u00e9rcoles a su paso por Honduras. La zona norte de Centroam\u00e9rica y el sur de la Pen\u00ednsula de Yucat\u00e1n, M\u00e9xico se encuentra en estado de alarma, luego que un sistema de baja presi\u00f3n se convirtiera en la tormenta tropical Lisa, anunciaron autoridades [&hellip;]<\/p>\n","protected":false},"author":1,"featured_media":9828,"comment_status":"open","ping_status":"closed","sticky":false,"template":"","format":"standard","meta":{"footnotes":""},"categories":[5,7],"tags":[],"class_list":["post-9826","post","type-post","status-publish","format-standard","has-post-thumbnail","hentry","category-internacional","category-nacional"],"_links":{"self":[{"href":"https:\/\/red360digital.com\/index.php?rest_route=\/wp\/v2\/posts\/9826","targetHints":{"allow":["GET"]}}],"collection":[{"href":"https:\/\/red360digital.com\/index.php?rest_route=\/wp\/v2\/posts"}],"about":[{"href":"https:\/\/red360digital.com\/index.php?rest_route=\/wp\/v2\/types\/post"}],"author":[{"embeddable":true,"href":"https:\/\/red360digital.com\/index.php?rest_route=\/wp\/v2\/users\/1"}],"replies":[{"embeddable":true,"href":"https:\/\/red360digital.com\/index.php?rest_route=%2Fwp%2Fv2%2Fcomments&post=9826"}],"version-history":[{"count":0,"href":"https:\/\/red360digital.com\/index.php?rest_route=\/wp\/v2\/posts\/9826\/revisions"}],"wp:featuredmedia":[{"embeddable":true,"href":"https:\/\/red360digital.com\/index.php?rest_route=\/wp\/v2\/media\/9828"}],"wp:attachment":[{"href":"https:\/\/red360digital.com\/index.php?rest_route=%2Fwp%2Fv2%2Fmedia&parent=9826"}],"wp:term":[{"taxonomy":"category","embeddable":true,"href":"https:\/\/red360digital.com\/index.php?rest_route=%2Fwp%2Fv2%2Fcategories&post=9826"},{"taxonomy":"post_tag","embeddable":true,"href":"https:\/\/red360digital.com\/index.php?rest_route=%2Fwp%2Fv2%2Ftags&post=9826"}],"curies":[{"name":"wp","href":"https:\/\/api.w.org\/{rel}","templated":true}]}}