{"id":9904,"date":"2022-11-03T15:50:25","date_gmt":"2022-11-03T20:50:25","guid":{"rendered":"https:\/\/red360digital.com\/?p=9904"},"modified":"2022-11-03T20:50:34","modified_gmt":"2022-11-03T20:50:34","slug":"este-jueves-entra-en-vigor-un-acuerdo-de-cooperacion-nuclear-entre-mexico-y-eu","status":"publish","type":"post","link":"https:\/\/red360digital.com\/?p=9904","title":{"rendered":"Este jueves entra en vigor un acuerdo de cooperaci\u00f3n nuclear entre M\u00e9xico y EU"},"content":{"rendered":"<div class=\"jsx-1778878049 \">\n<h4 style=\"text-align: center;\">M\u00e9xico y Estados Unidos firmaron el convenio en 2018, pero el Senado de M\u00e9xico no dio su visto bueno hasta marzo de este a\u00f1o.<\/h4>\n<\/div>\n<div class=\"jsx-1921398030 newsbody\">\n<div class=\"jsx-670345696 share fixed\">\n<div class=\"jsx-670345696 \">\n<p class=\"jsx-3954459878\">Un acuerdo bilateral sobre energ\u00eda nuclear entre Estados Unidos y M\u00e9xico, que\u00a0<strong>fue firmado en el 2018<\/strong>, ha entrado en vigor con miras a mejorar la cooperaci\u00f3n en seguridad energ\u00e9tica.<\/p>\n<p class=\"jsx-3954459878 fi-aic_250\">Se trata del \u00abprimer acuerdo bilateral para la cooperaci\u00f3n nuclear pac\u00edfica\u00bb entre los dos pa\u00edses, dijo el Departamento de Estado estadounidense el mi\u00e9rcoles por la noche.<\/p>\n<p class=\"jsx-3954459878\">Conocidos como acuerdos 123, estos allanan el camino para cuestiones delicadas como la transferencia pac\u00edfica de material nuclear, equipos e informaci\u00f3n de Estados Unidos en cumplimiento de los requisitos de no proliferaci\u00f3n.<\/p>\n<blockquote class=\"jsx-2464929417\">\n<p class=\"jsx-3954459878\">\u00abEste acuerdo fortalecer\u00e1 a\u00fan m\u00e1s la relaci\u00f3n entre Estados Unidos y M\u00e9xico y profundizar\u00e1 nuestra cooperaci\u00f3n en materia de seguridad energ\u00e9tica\u00bb, dijo el portavoz del Departamento de Estado, Ned Price.<\/p>\n<\/blockquote>\n<p class=\"jsx-3954459878\">M\u00e9xico y Estados Unidos firmaron el convenio en 2018, pero el Senado de M\u00e9xico no dio su visto bueno hasta marzo.<\/p>\n<p class=\"jsx-3954459878\">La estatal el\u00e9ctrica mexicana CFE tiene una planta nuclear que opera dos reactores. La secretaria de Energ\u00eda del pa\u00eds, Roc\u00edo Nahle, ha calificado la energ\u00eda nuclear como \u00ablimpia, segura, constante y rentable\u00bb.<\/p>\n<p class=\"jsx-3954459878 fi-aic_250\">El enviado clim\u00e1tico de la Casa Blanca, John Kerry, viaj\u00f3 a M\u00e9xico la semana pasada para hablar sobre energ\u00eda renovable con el presidente Andr\u00e9s Manuel L\u00f3pez Obrador, centr\u00e1ndose en el litio, las bater\u00edas y la industria automotriz.<\/p>\n<\/div>\n<\/div>\n<div class=\"jsx-1921398030\">\n<div>\n<div data-luna-player=\"\" data-luna-player-lang=\"es\" data-luna-player-post=\"https:\/\/www.eleconomista.com.mx\/internacionales\/Este-jueves-entra-en-vigor-acuerdo-de-cooperacion-nuclear-entre-Mexico-y-EU-20221103-0038.html\">\n<div class=\"player_wrapper big\">\n<div class=\"player_container\">\n<div class=\"player_container_main\">\n<div class=\"player_track_content\">\n<div class=\"player_track_content__header\"><\/div>\n<\/div>\n<\/div>\n<\/div>\n<\/div>\n<\/div>\n<\/div>\n<\/div>\n<\/div>\n","protected":false},"excerpt":{"rendered":"<p>M\u00e9xico y Estados Unidos firmaron el convenio en 2018, pero el Senado de M\u00e9xico no dio su visto bueno hasta marzo de este a\u00f1o. Un acuerdo bilateral sobre energ\u00eda nuclear entre Estados Unidos y M\u00e9xico, que\u00a0fue firmado en el 2018, ha entrado en vigor con miras a mejorar la cooperaci\u00f3n en seguridad energ\u00e9tica. Se trata [&hellip;]<\/p>\n","protected":false},"author":1,"featured_media":9906,"comment_status":"open","ping_status":"closed","sticky":false,"template":"","format":"standard","meta":{"footnotes":""},"categories":[5,7,9],"tags":[],"class_list":["post-9904","post","type-post","status-publish","format-standard","has-post-thumbnail","hentry","category-internacional","category-nacional","category-politica"],"_links":{"self":[{"href":"https:\/\/red360digital.com\/index.php?rest_route=\/wp\/v2\/posts\/9904","targetHints":{"allow":["GET"]}}],"collection":[{"href":"https:\/\/red360digital.com\/index.php?rest_route=\/wp\/v2\/posts"}],"about":[{"href":"https:\/\/red360digital.com\/index.php?rest_route=\/wp\/v2\/types\/post"}],"author":[{"embeddable":true,"href":"https:\/\/red360digital.com\/index.php?rest_route=\/wp\/v2\/users\/1"}],"replies":[{"embeddable":true,"href":"https:\/\/red360digital.com\/index.php?rest_route=%2Fwp%2Fv2%2Fcomments&post=9904"}],"version-history":[{"count":0,"href":"https:\/\/red360digital.com\/index.php?rest_route=\/wp\/v2\/posts\/9904\/revisions"}],"wp:featuredmedia":[{"embeddable":true,"href":"https:\/\/red360digital.com\/index.php?rest_route=\/wp\/v2\/media\/9906"}],"wp:attachment":[{"href":"https:\/\/red360digital.com\/index.php?rest_route=%2Fwp%2Fv2%2Fmedia&parent=9904"}],"wp:term":[{"taxonomy":"category","embeddable":true,"href":"https:\/\/red360digital.com\/index.php?rest_route=%2Fwp%2Fv2%2Fcategories&post=9904"},{"taxonomy":"post_tag","embeddable":true,"href":"https:\/\/red360digital.com\/index.php?rest_route=%2Fwp%2Fv2%2Ftags&post=9904"}],"curies":[{"name":"wp","href":"https:\/\/api.w.org\/{rel}","templated":true}]}}