{"id":9985,"date":"2022-11-06T10:36:07","date_gmt":"2022-11-06T15:36:07","guid":{"rendered":"https:\/\/red360digital.com\/?p=9985"},"modified":"2022-11-05T15:38:46","modified_gmt":"2022-11-05T15:38:46","slug":"recuerda-atrasar-tu-reloj-solo-si-vives-en-la-frontera","status":"publish","type":"post","link":"https:\/\/red360digital.com\/?p=9985","title":{"rendered":"\u00a1Recuerda atrasar tu reloj! Solo si vives en la Frontera"},"content":{"rendered":"<div class=\"news-excerpt\">\n<h4 style=\"text-align: center;\">Aunque el\u00a0horario de verano concluy\u00f3 en la mayor\u00eda de\u00a0M\u00e9xico, algunas cuidades a\u00fan no cambian la hora<\/h4>\n<\/div>\n<div class=\"clearfix\">\n<div class=\"news-line\">\n<p><strong>El cambio de horario 2022 se dio en la mayor parte de\u00a0M\u00e9xico\u00a0<\/strong>el pasado 30 de octubre, al concluir\u00a0el\u00a0horario\u00a0de verano 2022 y tras ser\u00a0<strong>la \u00faltima vez que aplica en M\u00e9xico<\/strong>. Sin embargo, en algunos municipios del pa\u00eds seguir\u00e1 realiz\u00e1ndose este ajuste, es decir, en los que comprenden la frontera con Estados Unidos y solo por razones comerciales.<\/p>\n<p>De acuerdo con el decreto que estableci\u00f3 el horario de verano en M\u00e9xico, este conclu\u00eda antes\u00a0y terminar\u00e1, como ocurre desde 1996,\u00a0<strong>una semana despu\u00e9s en municipios de la frontera norte del pa\u00eds.<\/strong><\/p>\n<h2>\u00bfCu\u00e1ndo termina el horario de verano 2022 en la frontera de M\u00e9xico?<\/h2>\n<p>Son 33 los municipios de la frontera norte de M\u00e9xico que llevan el horario de verano que rige en las ciudades vecinas de Estados Unidos. Este a\u00f1o,\u00a0<strong>el horario de invierno inicia el domingo 6 de noviembre<\/strong>\u00a0de 2022, a partir de\u00a0las 02:00 horas.<\/p>\n<h2>\u00bfEn qu\u00e9 municipios aplica el nuevo horario en la frontera?<\/h2>\n<ul>\n<li><strong>Baja California<\/strong>: Tijuana, Mexicali, Ensenada, Playa Rosarito y Tecate.<\/li>\n<li><strong>Chihuahua<\/strong>: Ju\u00e1rez, Ojinaga, Ascensi\u00f3n, Coyame del Sotol, Guadalupe, Janos, Manuel Benavides y Praxedis G. Guerrero.<\/li>\n<li><strong>Coahuila<\/strong>: Acu\u00f1a, Piedras Negras, Guerrero, Hidalgo, Jim\u00e9nez, Zaragoza, Nava y Ocampo.<\/li>\n<li><strong>Nuevo Le\u00f3n<\/strong>: An\u00e1huac y Los Aldama.<\/li>\n<li><strong>Tamaulipas<\/strong>: Nuevo Laredo, Reynosa, Matamoros, Camargo, Guerrero, Gustavo D\u00edaz Ordaz, Mier, Miguel Alem\u00e1n, R\u00edo Bravo y Valle Hermoso.<\/li>\n<\/ul>\n<h2>\u00bfSe atrasa o se adelanta la hora con el Horario de Invierno en la frontera?<\/h2>\n<p>Los municipios de la frontera\u00a0<strong>deber\u00e1n\u00a0atrasar\u00a0el reloj una hora<\/strong>\u00a0este domingo 6 de noviembre por lo que se recomienda hacerlo el s\u00e1bado 5 antes de acostarse.<\/p>\n<\/div>\n<\/div>\n","protected":false},"excerpt":{"rendered":"<p>Aunque el\u00a0horario de verano concluy\u00f3 en la mayor\u00eda de\u00a0M\u00e9xico, algunas cuidades a\u00fan no cambian la hora El cambio de horario 2022 se dio en la mayor parte de\u00a0M\u00e9xico\u00a0el pasado 30 de octubre, al concluir\u00a0el\u00a0horario\u00a0de verano 2022 y tras ser\u00a0la \u00faltima vez que aplica en M\u00e9xico. Sin embargo, en algunos municipios del pa\u00eds seguir\u00e1 realiz\u00e1ndose este [&hellip;]<\/p>\n","protected":false},"author":1,"featured_media":9987,"comment_status":"open","ping_status":"closed","sticky":false,"template":"","format":"standard","meta":{"footnotes":""},"categories":[2,7],"tags":[],"class_list":["post-9985","post","type-post","status-publish","format-standard","has-post-thumbnail","hentry","category-cultural","category-nacional"],"_links":{"self":[{"href":"https:\/\/red360digital.com\/index.php?rest_route=\/wp\/v2\/posts\/9985","targetHints":{"allow":["GET"]}}],"collection":[{"href":"https:\/\/red360digital.com\/index.php?rest_route=\/wp\/v2\/posts"}],"about":[{"href":"https:\/\/red360digital.com\/index.php?rest_route=\/wp\/v2\/types\/post"}],"author":[{"embeddable":true,"href":"https:\/\/red360digital.com\/index.php?rest_route=\/wp\/v2\/users\/1"}],"replies":[{"embeddable":true,"href":"https:\/\/red360digital.com\/index.php?rest_route=%2Fwp%2Fv2%2Fcomments&post=9985"}],"version-history":[{"count":0,"href":"https:\/\/red360digital.com\/index.php?rest_route=\/wp\/v2\/posts\/9985\/revisions"}],"wp:featuredmedia":[{"embeddable":true,"href":"https:\/\/red360digital.com\/index.php?rest_route=\/wp\/v2\/media\/9987"}],"wp:attachment":[{"href":"https:\/\/red360digital.com\/index.php?rest_route=%2Fwp%2Fv2%2Fmedia&parent=9985"}],"wp:term":[{"taxonomy":"category","embeddable":true,"href":"https:\/\/red360digital.com\/index.php?rest_route=%2Fwp%2Fv2%2Fcategories&post=9985"},{"taxonomy":"post_tag","embeddable":true,"href":"https:\/\/red360digital.com\/index.php?rest_route=%2Fwp%2Fv2%2Ftags&post=9985"}],"curies":[{"name":"wp","href":"https:\/\/api.w.org\/{rel}","templated":true}]}}